{"id":104846,"date":"2023-04-28T12:24:23","date_gmt":"2023-04-28T17:24:23","guid":{"rendered":"https:\/\/nvnoticias.mx\/?p=104846"},"modified":"2023-04-28T12:24:24","modified_gmt":"2023-04-28T17:24:24","slug":"laudos-que-enfrenta-el-pan-son-por-despidos-injustificados","status":"publish","type":"post","link":"https:\/\/nvnoticias.mx\/index.php\/2023\/04\/28\/laudos-que-enfrenta-el-pan-son-por-despidos-injustificados\/","title":{"rendered":"Laudos que enfrenta el PAN son por despidos injustificados"},"content":{"rendered":"\n<p><strong>Sam Ojeda \/ NV Noticias <\/strong><\/p>\n\n\n\n<p>Xalapa.- El ex dirigente estatal del Partido Acci\u00f3n Nacional (PAN), Joaqu\u00edn Rosendo Guzman Avil\u00e9s, acus\u00f3 que los laudos millonarios que debe pagar el partido se deben a los despidos masivos generados por el actual dirigente Federico Salom\u00f3n Molina.<\/p>\n\n\n\n<p>Por ello, neg\u00f3 que los laudos se hayan dado durante su gesti\u00f3n como dirigente estatal y recomend\u00f3 a su sucesor \u201cponerse a trabajar\u201d. <\/p>\n\n\n\n<p>Y agreg\u00f3 que durante su dirigencia se pagaron multas de Pepe Mancha, por despidos injustificados cuando presidi\u00f3 al Partido.<\/p>\n\n\n\n<p>Incluso sostuvo que dej\u00f3 finanzas sanas y sin adeudos, pero admiti\u00f3 que cuando dej\u00f3 el cargo hab\u00eda entre 20 y 25 juicios laborales que estaban en tr\u00e1mite.Respecto de los dos laudos, uno alcanza los 300 mil pesos, dijo que era una persona que ten\u00eda m\u00e1s de 14 a\u00f1os laborando ah\u00ed, pero que el actual l\u00edder despidi\u00f3.<\/p>\n\n\n\n<blockquote class=\"wp-block-quote is-layout-flow wp-block-quote-is-layout-flow\"><p>&#8220;<em>Lo tra\u00edan ya desde Enrique Cambranis y mucho antes, era gente que ya estaba en el PAN. Con nosotros estuvieron trabajando, la hicieron adecuadamente, no se metieron en problemas pol\u00edticos ni nada\u201d.<\/em><\/p><\/blockquote>\n\n\n\n<p>Reiter\u00f3 que los laudos son por los despidos que hizo Federico Salom\u00f3n, pero debido a la reforma laboral los fallos salen en menos de un a\u00f1o.<\/p>\n\n\n\n<p><\/p>\n","protected":false},"excerpt":{"rendered":"<p>Sam Ojeda \/ NV Noticias Xalapa.- El ex dirigente estatal del Partido Acci\u00f3n Nacional (PAN), Joaqu\u00edn Rosendo Guzman Avil\u00e9s, acus\u00f3 que los laudos millonarios que debe pagar el partido se deben a los despidos masivos generados por el actual dirigente Federico Salom\u00f3n Molina. Por ello, neg\u00f3 que los laudos se hayan dado durante su gesti\u00f3n [&hellip;]<\/p>\n","protected":false},"author":8,"featured_media":4658,"comment_status":"open","ping_status":"open","sticky":false,"template":"","format":"standard","meta":{"_monsterinsights_skip_tracking":false,"_monsterinsights_sitenote_active":false,"_monsterinsights_sitenote_note":"","_monsterinsights_sitenote_category":0,"footnotes":""},"categories":[156],"tags":[583,3876,284],"class_list":["post-104846","post","type-post","status-publish","format-standard","has-post-thumbnail","hentry","category-estado","tag-joaquin-guzman-aviles","tag-laudos","tag-pan","wp-image-borders"],"amp_enabled":true,"_links":{"self":[{"href":"https:\/\/nvnoticias.mx\/index.php\/wp-json\/wp\/v2\/posts\/104846","targetHints":{"allow":["GET"]}}],"collection":[{"href":"https:\/\/nvnoticias.mx\/index.php\/wp-json\/wp\/v2\/posts"}],"about":[{"href":"https:\/\/nvnoticias.mx\/index.php\/wp-json\/wp\/v2\/types\/post"}],"author":[{"embeddable":true,"href":"https:\/\/nvnoticias.mx\/index.php\/wp-json\/wp\/v2\/users\/8"}],"replies":[{"embeddable":true,"href":"https:\/\/nvnoticias.mx\/index.php\/wp-json\/wp\/v2\/comments?post=104846"}],"version-history":[{"count":1,"href":"https:\/\/nvnoticias.mx\/index.php\/wp-json\/wp\/v2\/posts\/104846\/revisions"}],"predecessor-version":[{"id":104847,"href":"https:\/\/nvnoticias.mx\/index.php\/wp-json\/wp\/v2\/posts\/104846\/revisions\/104847"}],"wp:featuredmedia":[{"embeddable":true,"href":"https:\/\/nvnoticias.mx\/index.php\/wp-json\/wp\/v2\/media\/4658"}],"wp:attachment":[{"href":"https:\/\/nvnoticias.mx\/index.php\/wp-json\/wp\/v2\/media?parent=104846"}],"wp:term":[{"taxonomy":"category","embeddable":true,"href":"https:\/\/nvnoticias.mx\/index.php\/wp-json\/wp\/v2\/categories?post=104846"},{"taxonomy":"post_tag","embeddable":true,"href":"https:\/\/nvnoticias.mx\/index.php\/wp-json\/wp\/v2\/tags?post=104846"}],"curies":[{"name":"wp","href":"https:\/\/api.w.org\/{rel}","templated":true}]}}