{"id":104843,"date":"2023-04-28T12:19:39","date_gmt":"2023-04-28T17:19:39","guid":{"rendered":"https:\/\/nvnoticias.mx\/?p=104843"},"modified":"2023-04-28T12:19:39","modified_gmt":"2023-04-28T17:19:39","slug":"lamentan-cambio-de-formato-del-desfile-del-1-de-mayo","status":"publish","type":"post","link":"https:\/\/nvnoticias.mx\/index.php\/2023\/04\/28\/lamentan-cambio-de-formato-del-desfile-del-1-de-mayo\/","title":{"rendered":"Lamentan cambio de formato del desfile del 1 de mayo"},"content":{"rendered":"\n<p><strong>Jes\u00fas Utrilla \/ NV Noticias <\/strong><\/p>\n\n\n\n<p>Los sindicatos ya no protestan para exigir derechos laborales, acus\u00f3 Enrique Ruiz Saavedra, de grupo Democracia con Transparencia Obrera.<\/p>\n\n\n\n<p>Lament\u00f3 que el Congreso del Trabajo anunciara cambios en el formato del desfile del D\u00eda del Trabajo. <\/p>\n\n\n\n<p>Esto es que agrupaciones sindicales realizar\u00e1n el 1 de mayo una concentraci\u00f3n masiva en la macroplaza del malec\u00f3n.<\/p>\n\n\n\n<p>Leonel P\u00e9rez Herrera, presidente del Congreso del Trabajo, dijo que el cambio de formato fue para simplificar los tiempos y llevar a cabo pronunciamientos concretos con los reclamos de los trabajadores de M\u00e9xico.<\/p>\n\n\n\n<blockquote class=\"wp-block-quote is-layout-flow wp-block-quote-is-layout-flow\"><p>\u201c<em>Se van perdiendo poco a poco las manifestaciones que se ven\u00edan haciendo normalmente en las peticiones del 1 de mayo. Deber\u00eda ser un homenaje a esos grandes l\u00edderes de Cananea, R\u00edo Blanco y lo estamos olvidando y eso no debe de ser<\/em>\u201d.<\/p><\/blockquote>\n\n\n\n<p>Enrique Ruiz Saavedra consider\u00f3 que los objetivos se est\u00e1n perdiendo pues los  sindicatos ya no protestan para exigir derechos laborales y ahora efectuar\u00e1n un evento junto con las autoridades.<\/p>\n\n\n\n<p>Record\u00f3 que tradicionalmente los l\u00edderes aprovechaban el 1 de Mayo para quejarse de situaciones que afectan a la clase obrera y ahora solo har\u00e1n un acto protocolario en coordinaci\u00f3n con las autoridades.<\/p>\n\n\n\n<blockquote class=\"wp-block-quote is-layout-flow wp-block-quote-is-layout-flow\"><p>\u201c<em>Yo no quiero pensar que sea por presi\u00f3n del gobierno, pero somos l\u00edderes y como l\u00edderes tenemos que seguir alzando la voz ante las injusticias que se cometen contra la base obrera\u201d. <\/em><\/p><\/blockquote>\n\n\n\n<p>A su parecer el a\u00f1o pasado s\u00ed fue justificable el cambio de formato, porque a\u00fan hab\u00eda casos de COVID, pero las condiciones cambiaron.<\/p>\n","protected":false},"excerpt":{"rendered":"<p>Jes\u00fas Utrilla \/ NV Noticias Los sindicatos ya no protestan para exigir derechos laborales, acus\u00f3 Enrique Ruiz Saavedra, de grupo Democracia con Transparencia Obrera. Lament\u00f3 que el Congreso del Trabajo anunciara cambios en el formato del desfile del D\u00eda del Trabajo. Esto es que agrupaciones sindicales realizar\u00e1n el 1 de mayo una concentraci\u00f3n masiva en [&hellip;]<\/p>\n","protected":false},"author":8,"featured_media":104844,"comment_status":"open","ping_status":"open","sticky":false,"template":"","format":"standard","meta":{"_monsterinsights_skip_tracking":false,"_monsterinsights_sitenote_active":false,"_monsterinsights_sitenote_note":"","_monsterinsights_sitenote_category":0,"footnotes":""},"categories":[154],"tags":[24855,1990],"class_list":["post-104843","post","type-post","status-publish","format-standard","has-post-thumbnail","hentry","category-veracruz","tag-desfile-1-de-mayo","tag-sindicatos","wp-image-borders"],"amp_enabled":true,"_links":{"self":[{"href":"https:\/\/nvnoticias.mx\/index.php\/wp-json\/wp\/v2\/posts\/104843","targetHints":{"allow":["GET"]}}],"collection":[{"href":"https:\/\/nvnoticias.mx\/index.php\/wp-json\/wp\/v2\/posts"}],"about":[{"href":"https:\/\/nvnoticias.mx\/index.php\/wp-json\/wp\/v2\/types\/post"}],"author":[{"embeddable":true,"href":"https:\/\/nvnoticias.mx\/index.php\/wp-json\/wp\/v2\/users\/8"}],"replies":[{"embeddable":true,"href":"https:\/\/nvnoticias.mx\/index.php\/wp-json\/wp\/v2\/comments?post=104843"}],"version-history":[{"count":1,"href":"https:\/\/nvnoticias.mx\/index.php\/wp-json\/wp\/v2\/posts\/104843\/revisions"}],"predecessor-version":[{"id":104845,"href":"https:\/\/nvnoticias.mx\/index.php\/wp-json\/wp\/v2\/posts\/104843\/revisions\/104845"}],"wp:featuredmedia":[{"embeddable":true,"href":"https:\/\/nvnoticias.mx\/index.php\/wp-json\/wp\/v2\/media\/104844"}],"wp:attachment":[{"href":"https:\/\/nvnoticias.mx\/index.php\/wp-json\/wp\/v2\/media?parent=104843"}],"wp:term":[{"taxonomy":"category","embeddable":true,"href":"https:\/\/nvnoticias.mx\/index.php\/wp-json\/wp\/v2\/categories?post=104843"},{"taxonomy":"post_tag","embeddable":true,"href":"https:\/\/nvnoticias.mx\/index.php\/wp-json\/wp\/v2\/tags?post=104843"}],"curies":[{"name":"wp","href":"https:\/\/api.w.org\/{rel}","templated":true}]}}