{"id":104782,"date":"2023-04-27T17:25:30","date_gmt":"2023-04-27T22:25:30","guid":{"rendered":"https:\/\/nvnoticias.mx\/?p=104782"},"modified":"2023-04-27T17:25:30","modified_gmt":"2023-04-27T22:25:30","slug":"emitiran-recomendaciones-contra-la-ssp-por-violaciones-a-derechos-humanos","status":"publish","type":"post","link":"https:\/\/nvnoticias.mx\/index.php\/2023\/04\/27\/emitiran-recomendaciones-contra-la-ssp-por-violaciones-a-derechos-humanos\/","title":{"rendered":"Emitir\u00e1n recomendaciones contra la SSP por violaciones a derechos humanos"},"content":{"rendered":"\n<p><strong>Jes\u00fas Utrilla \/ NV Noticias <\/strong><\/p>\n\n\n\n<p>Emitir\u00e1n recomendaciones contra la SSP por violaciones a derechos humanos, afirm\u00f3 Antonio del R\u00edo Argudin.<\/p>\n\n\n\n<p>En sus redes sociales coment\u00f3 que se inform\u00f3 que el expediente de Queja DAP-0303-2022, que involucra la presunta violaci\u00f3n a los Derechos Humanos por parte de la Secretar\u00eda de Seguridad P\u00fablica del Estado de Veracruz, fue remitido a la Tercera Visitadur\u00eda General de Derechos Humanos en Veracruz para la emisi\u00f3n de una recomendaci\u00f3n por lo que se espera que en breve se dar\u00e1 a conocer la resoluci\u00f3n del caso.<\/p>\n\n\n\n<p>Asegur\u00f3 que el expediente contiene pruebas contundentes de la tortura cometida en su contra por Ivan Marquez Lucido, ex director del Modulo de Prisi\u00f3n Preventiva de Veracruz, tambi\u00e9n conocido como el &#8220;Penalito&#8221;, quien actualmente tras ser destituido del penalito, fue nombrado Jefe del Departamento Jur\u00eddico en el penal Pacho Viejo como si hubiese sido \u201cpremiado\u201d por cubrir a su jefa, la Subsecretaria de Seguridad P\u00fablica del Estado de Veracruz, Sarahi Pe\u00f1a Galaviz, quien ha sido se\u00f1alada de proteger a Marquez Lucido y estar detr\u00e1s de las agresiones.<\/p>\n\n\n\n<p>El afectado exhort\u00f3 a las autoridades pertinentes a cumplir con la Ley y aplicar el c\u00f3digo Penal vigente de Veracruz en la carpeta de investigaci\u00f3n XAL\/FIM\/FEIDT\/308\/2022.<\/p>\n\n\n\n<p>Adem\u00e1s, pidi\u00f3 a la Direcci\u00f3n de Asuntos Internos de la Secretar\u00eda de Seguridad P\u00fablica del Estado de Veracruz que sancione a Ivan Marquez Lucido, funcionario de la Secretar\u00eda, por su participaci\u00f3n en los hechos.<\/p>\n\n\n\n<p>Insisti\u00f3 en que este caso demuestra la necesidad de un Veracruz libre de tortura y el respeto a los Derechos Humanos. <\/p>\n\n\n\n<p>La ciudadan\u00eda espera una pronta resoluci\u00f3n del caso y una justicia efectiva para todas las v\u00edctimas de violaciones a los Derechos Humanos en el estado.<\/p>\n","protected":false},"excerpt":{"rendered":"<p>Jes\u00fas Utrilla \/ NV Noticias Emitir\u00e1n recomendaciones contra la SSP por violaciones a derechos humanos, afirm\u00f3 Antonio del R\u00edo Argudin. En sus redes sociales coment\u00f3 que se inform\u00f3 que el expediente de Queja DAP-0303-2022, que involucra la presunta violaci\u00f3n a los Derechos Humanos por parte de la Secretar\u00eda de Seguridad P\u00fablica del Estado de Veracruz, [&hellip;]<\/p>\n","protected":false},"author":8,"featured_media":77398,"comment_status":"open","ping_status":"open","sticky":false,"template":"","format":"standard","meta":{"_monsterinsights_skip_tracking":false,"_monsterinsights_sitenote_active":false,"_monsterinsights_sitenote_note":"","_monsterinsights_sitenote_category":0,"footnotes":""},"categories":[154],"tags":[19982,8254,548],"class_list":["post-104782","post","type-post","status-publish","format-standard","has-post-thumbnail","hentry","category-veracruz","tag-antonio-del-rio-argudin-2","tag-recomendaciones","tag-ssp","wp-image-borders"],"amp_enabled":true,"_links":{"self":[{"href":"https:\/\/nvnoticias.mx\/index.php\/wp-json\/wp\/v2\/posts\/104782","targetHints":{"allow":["GET"]}}],"collection":[{"href":"https:\/\/nvnoticias.mx\/index.php\/wp-json\/wp\/v2\/posts"}],"about":[{"href":"https:\/\/nvnoticias.mx\/index.php\/wp-json\/wp\/v2\/types\/post"}],"author":[{"embeddable":true,"href":"https:\/\/nvnoticias.mx\/index.php\/wp-json\/wp\/v2\/users\/8"}],"replies":[{"embeddable":true,"href":"https:\/\/nvnoticias.mx\/index.php\/wp-json\/wp\/v2\/comments?post=104782"}],"version-history":[{"count":1,"href":"https:\/\/nvnoticias.mx\/index.php\/wp-json\/wp\/v2\/posts\/104782\/revisions"}],"predecessor-version":[{"id":104783,"href":"https:\/\/nvnoticias.mx\/index.php\/wp-json\/wp\/v2\/posts\/104782\/revisions\/104783"}],"wp:featuredmedia":[{"embeddable":true,"href":"https:\/\/nvnoticias.mx\/index.php\/wp-json\/wp\/v2\/media\/77398"}],"wp:attachment":[{"href":"https:\/\/nvnoticias.mx\/index.php\/wp-json\/wp\/v2\/media?parent=104782"}],"wp:term":[{"taxonomy":"category","embeddable":true,"href":"https:\/\/nvnoticias.mx\/index.php\/wp-json\/wp\/v2\/categories?post=104782"},{"taxonomy":"post_tag","embeddable":true,"href":"https:\/\/nvnoticias.mx\/index.php\/wp-json\/wp\/v2\/tags?post=104782"}],"curies":[{"name":"wp","href":"https:\/\/api.w.org\/{rel}","templated":true}]}}