{"id":104780,"date":"2023-04-27T17:11:52","date_gmt":"2023-04-27T22:11:52","guid":{"rendered":"https:\/\/nvnoticias.mx\/?p=104780"},"modified":"2023-04-27T17:11:54","modified_gmt":"2023-04-27T22:11:54","slug":"rosalia-no-tendra-beneficio-economico-por-concierto-en-el-zocalo-de-la-cdmx-ocesa","status":"publish","type":"post","link":"https:\/\/nvnoticias.mx\/index.php\/2023\/04\/27\/rosalia-no-tendra-beneficio-economico-por-concierto-en-el-zocalo-de-la-cdmx-ocesa\/","title":{"rendered":"Rosal\u00eda no tendr\u00e1 beneficio econ\u00f3mico por concierto en el Z\u00f3calo de la CDMX: Ocesa"},"content":{"rendered":"\n<p>El concierto que <strong>Rosal\u00eda <\/strong>ofrecer\u00e1 este viernes en el<strong> Z\u00f3calo capitalino<\/strong> ser\u00e1 sin ning\u00fan beneficio econ\u00f3mico para cantante, inform\u00f3 la empresa Ocesa.<\/p>\n\n\n\n<p>A trav\u00e9s de un comunicado, la empresa detall\u00f3 \u201cdespu\u00e9s de su paso por el festival <strong>Coachella, Rosal\u00eda<\/strong> est\u00e1 ofreciendo este concierto sin ning\u00fan tipo de beneficio econ\u00f3mico, con la intenci\u00f3n de retribuir el cari\u00f1o y amor por el p\u00fablico mexicano que la ha apoyado desde los inicios de su carrera\u201d.<\/p>\n\n\n\n<p>Destac\u00f3 que la seguridad, el control de asistentes y protecci\u00f3n civil estar\u00e1n a cargo del Gobierno de la Ciudad de M\u00e9xico y OCESA se encargar\u00e1 de la producci\u00f3n t\u00e9cnica del evento.<\/p>\n\n\n\n<blockquote class=\"twitter-tweet\"><p lang=\"es\" dir=\"ltr\">????AVISO IMPORTANTE???? <a href=\"https:\/\/t.co\/rqt3o1UY0F\">pic.twitter.com\/rqt3o1UY0F<\/a><\/p>&mdash; Ocesa Total (@ocesa_total) <a href=\"https:\/\/twitter.com\/ocesa_total\/status\/1651685465710264320?ref_src=twsrc%5Etfw\">April 27, 2023<\/a><\/blockquote> <script async src=\"https:\/\/platform.twitter.com\/widgets.js\" charset=\"utf-8\"><\/script> \n\n\n\n<p>Tras su presentaci\u00f3n en el Z\u00f3calo, la artista espa\u00f1ola har\u00e1 una gira por Europa con presentaciones en el Primavera Sound de Barcelona Porto y Madrid.<\/p>\n\n\n\n<h2 class=\"wp-block-heading\"><strong>Cu\u00e1l ser\u00e1 el horario del Metro por concierto de Rosal\u00eda en el Z\u00f3calo<\/strong><\/h2>\n\n\n\n<p>El Metro ampliar\u00e1 su horario hasta la 01:00 de la madrugada del d\u00eda siguiente en las L\u00edneas 2, 3, 8, 9, B, as\u00ed como el tramo operativo de la L\u00ednea 1 (Observatorio-Balderas).<\/p>\n\n\n\n<p>Fuente: <a href=\"https:\/\/www.eluniversal.com.mx\/metropoli\/rosalia-no-tendra-beneficio-economico-por-concierto-en-el-zocalo-de-la-cdmx-ocesa\/\" data-type=\"URL\" data-id=\"https:\/\/www.eluniversal.com.mx\/metropoli\/rosalia-no-tendra-beneficio-economico-por-concierto-en-el-zocalo-de-la-cdmx-ocesa\/\">El Universal<\/a><\/p>\n","protected":false},"excerpt":{"rendered":"<p>El concierto que Rosal\u00eda ofrecer\u00e1 este viernes en el Z\u00f3calo capitalino ser\u00e1 sin ning\u00fan beneficio econ\u00f3mico para cantante, inform\u00f3 la empresa Ocesa. A trav\u00e9s de un comunicado, la empresa detall\u00f3 \u201cdespu\u00e9s de su paso por el festival Coachella, Rosal\u00eda est\u00e1 ofreciendo este concierto sin ning\u00fan tipo de beneficio econ\u00f3mico, con la intenci\u00f3n de retribuir el [&hellip;]<\/p>\n","protected":false},"author":35,"featured_media":75720,"comment_status":"open","ping_status":"open","sticky":false,"template":"","format":"standard","meta":{"_monsterinsights_skip_tracking":false,"_monsterinsights_sitenote_active":false,"_monsterinsights_sitenote_note":"","_monsterinsights_sitenote_category":0,"footnotes":""},"categories":[576],"tags":[13575,7988],"class_list":["post-104780","post","type-post","status-publish","format-standard","has-post-thumbnail","hentry","category-ocio","tag-rosalia","tag-zocalo-de-cdmx","wp-image-borders"],"amp_enabled":true,"_links":{"self":[{"href":"https:\/\/nvnoticias.mx\/index.php\/wp-json\/wp\/v2\/posts\/104780","targetHints":{"allow":["GET"]}}],"collection":[{"href":"https:\/\/nvnoticias.mx\/index.php\/wp-json\/wp\/v2\/posts"}],"about":[{"href":"https:\/\/nvnoticias.mx\/index.php\/wp-json\/wp\/v2\/types\/post"}],"author":[{"embeddable":true,"href":"https:\/\/nvnoticias.mx\/index.php\/wp-json\/wp\/v2\/users\/35"}],"replies":[{"embeddable":true,"href":"https:\/\/nvnoticias.mx\/index.php\/wp-json\/wp\/v2\/comments?post=104780"}],"version-history":[{"count":1,"href":"https:\/\/nvnoticias.mx\/index.php\/wp-json\/wp\/v2\/posts\/104780\/revisions"}],"predecessor-version":[{"id":104781,"href":"https:\/\/nvnoticias.mx\/index.php\/wp-json\/wp\/v2\/posts\/104780\/revisions\/104781"}],"wp:featuredmedia":[{"embeddable":true,"href":"https:\/\/nvnoticias.mx\/index.php\/wp-json\/wp\/v2\/media\/75720"}],"wp:attachment":[{"href":"https:\/\/nvnoticias.mx\/index.php\/wp-json\/wp\/v2\/media?parent=104780"}],"wp:term":[{"taxonomy":"category","embeddable":true,"href":"https:\/\/nvnoticias.mx\/index.php\/wp-json\/wp\/v2\/categories?post=104780"},{"taxonomy":"post_tag","embeddable":true,"href":"https:\/\/nvnoticias.mx\/index.php\/wp-json\/wp\/v2\/tags?post=104780"}],"curies":[{"name":"wp","href":"https:\/\/api.w.org\/{rel}","templated":true}]}}