{"id":104768,"date":"2023-04-27T16:29:03","date_gmt":"2023-04-27T21:29:03","guid":{"rendered":"https:\/\/nvnoticias.mx\/?p=104768"},"modified":"2023-04-27T16:45:30","modified_gmt":"2023-04-27T21:45:30","slug":"no-retirara-mc-iniciativa-para-reducir-semana-laboral-de-48-a-40-horas","status":"publish","type":"post","link":"https:\/\/nvnoticias.mx\/index.php\/2023\/04\/27\/no-retirara-mc-iniciativa-para-reducir-semana-laboral-de-48-a-40-horas\/","title":{"rendered":"No retirar\u00e1 MC iniciativa para reducir semana laboral de 48 a 40 horas"},"content":{"rendered":"\n<p>El grupo parlamentario de Movimiento Ciudadano no dar\u00e1 marcha atr\u00e1s a la propuesta de reducir de 48 a 40 horas la semana laboral, pese a la decisi\u00f3n de Morena de frenar dicha reforma.<\/p>\n\n\n\n<blockquote class=\"wp-block-quote is-layout-flow wp-block-quote-is-layout-flow\"><p>\u201cSin duda alguna, para Movimiento Ciudadano<strong> es lamentable que la mayor\u00eda, que el r\u00e9gimen, que Morena haya decidido frenar un avance hist\u00f3rico,<\/strong> el m\u00e1s significativo en los derechos laborales en un siglo\u201d, puntualiz\u00f3 Jorge \u00c1lvarez M\u00e1ynez, coordinador de la bancada naranja en el Palacio de San L\u00e1zaro.<\/p><\/blockquote>\n\n\n\n<p>Aunque la Comisi\u00f3n de Puntos Constitucionales de la C\u00e1mara de Diputados aprob\u00f3 el pasado martes la reforma al art\u00edculo 123 para reducir la semana laboral de seis a cinco d\u00edas de trabajo y aumentar de uno a dos los d\u00edas de descanso, la Junta de Coordinaci\u00f3n Pol\u00edtica, encabezada por el morenista Ignacio Mier, fren\u00f3 finalmente su discusi\u00f3n y votaci\u00f3n en el pleno.<\/p>\n\n\n\n<p>\u00c1lvarez M\u00e1ynez sostuvo que existe una deuda hist\u00f3rica de m\u00e1s de 100 a\u00f1os en materia de jornada laboral establecida desde 1917 en la Constituci\u00f3n.<\/p>\n\n\n\n<blockquote class=\"wp-block-quote is-layout-flow wp-block-quote-is-layout-flow\"><p>\u201cEs momento de mejorar las condiciones de millones de personas y por ello exhortamos al resto de partidos pol\u00edticos a refrendar el consenso de la Comisi\u00f3n de Puntos Constitucionales, pese a la abstenci\u00f3n de Acci\u00f3n Nacional, para hacer realidad este derecho\u201d, dijo.<\/p><\/blockquote>\n\n\n\n<p>De acuerdo con la Organizaci\u00f3n para la Cooperaci\u00f3n y el Desarrollo Econ\u00f3micos (OCDE), <strong>M\u00e9xico es el pa\u00eds con m\u00e1s horas de trabajo (2 mil 124 al a\u00f1o) frente al promedio de mil 687.<\/strong><\/p>\n\n\n\n<p>Sin embargo, la demanda laboral excesiva no se traduce en mayor productividad, se\u00f1al\u00f3 la fracci\u00f3n emecista en la C\u00e1mara de Diputados.<\/p>\n\n\n\n<blockquote class=\"wp-block-quote is-layout-flow wp-block-quote-is-layout-flow\"><p>\u201cEn Movimiento Ciudadano no vamos a ceder en garantizar este derecho que merecen 30 millones de personas. Hace unos meses, junto a la sociedad civil, hicimos realidad ampliar el periodo vacacional de seis a 12 d\u00edas de descanso despu\u00e9s de 50 a\u00f1os. Ahora que tenemos la posibilidad de mejorar las condiciones laborales, seguiremos trabajando hasta hacerlo realidad\u201d, puntualiz\u00f3.<\/p><\/blockquote>\n\n\n\n<p>Fuente:<a href=\"https:\/\/www.milenio.com\/politica\/mc-retirara-iniciativa-reducir-semana-laboral-40\" data-type=\"URL\" data-id=\"https:\/\/www.milenio.com\/politica\/mc-retirara-iniciativa-reducir-semana-laboral-40\"> Milenio<\/a><\/p>\n","protected":false},"excerpt":{"rendered":"<p>El grupo parlamentario de Movimiento Ciudadano no dar\u00e1 marcha atr\u00e1s a la propuesta de reducir de 48 a 40 horas la semana laboral, pese a la decisi\u00f3n de Morena de frenar dicha reforma. \u201cSin duda alguna, para Movimiento Ciudadano es lamentable que la mayor\u00eda, que el r\u00e9gimen, que Morena haya decidido frenar un avance hist\u00f3rico, [&hellip;]<\/p>\n","protected":false},"author":35,"featured_media":7244,"comment_status":"open","ping_status":"open","sticky":false,"template":"","format":"standard","meta":{"_monsterinsights_skip_tracking":false,"_monsterinsights_sitenote_active":false,"_monsterinsights_sitenote_note":"","_monsterinsights_sitenote_category":0,"footnotes":""},"categories":[158],"tags":[687,162,8218,13931],"class_list":["post-104768","post","type-post","status-publish","format-standard","has-post-thumbnail","hentry","category-politica","tag-movimiento-ciudadano","tag-portada","tag-reducir","tag-semana-laboral","wp-image-borders"],"amp_enabled":true,"_links":{"self":[{"href":"https:\/\/nvnoticias.mx\/index.php\/wp-json\/wp\/v2\/posts\/104768","targetHints":{"allow":["GET"]}}],"collection":[{"href":"https:\/\/nvnoticias.mx\/index.php\/wp-json\/wp\/v2\/posts"}],"about":[{"href":"https:\/\/nvnoticias.mx\/index.php\/wp-json\/wp\/v2\/types\/post"}],"author":[{"embeddable":true,"href":"https:\/\/nvnoticias.mx\/index.php\/wp-json\/wp\/v2\/users\/35"}],"replies":[{"embeddable":true,"href":"https:\/\/nvnoticias.mx\/index.php\/wp-json\/wp\/v2\/comments?post=104768"}],"version-history":[{"count":1,"href":"https:\/\/nvnoticias.mx\/index.php\/wp-json\/wp\/v2\/posts\/104768\/revisions"}],"predecessor-version":[{"id":104770,"href":"https:\/\/nvnoticias.mx\/index.php\/wp-json\/wp\/v2\/posts\/104768\/revisions\/104770"}],"wp:featuredmedia":[{"embeddable":true,"href":"https:\/\/nvnoticias.mx\/index.php\/wp-json\/wp\/v2\/media\/7244"}],"wp:attachment":[{"href":"https:\/\/nvnoticias.mx\/index.php\/wp-json\/wp\/v2\/media?parent=104768"}],"wp:term":[{"taxonomy":"category","embeddable":true,"href":"https:\/\/nvnoticias.mx\/index.php\/wp-json\/wp\/v2\/categories?post=104768"},{"taxonomy":"post_tag","embeddable":true,"href":"https:\/\/nvnoticias.mx\/index.php\/wp-json\/wp\/v2\/tags?post=104768"}],"curies":[{"name":"wp","href":"https:\/\/api.w.org\/{rel}","templated":true}]}}