{"id":104758,"date":"2023-04-27T16:08:34","date_gmt":"2023-04-27T21:08:34","guid":{"rendered":"https:\/\/nvnoticias.mx\/?p=104758"},"modified":"2023-04-27T16:08:34","modified_gmt":"2023-04-27T21:08:34","slug":"exhorta-obispo-emerito-a-recurrir-a-la-espiritualidad-y-dejar-atras-el-desanimo","status":"publish","type":"post","link":"https:\/\/nvnoticias.mx\/index.php\/2023\/04\/27\/exhorta-obispo-emerito-a-recurrir-a-la-espiritualidad-y-dejar-atras-el-desanimo\/","title":{"rendered":"Exhorta obispo em\u00e9rito a recurrir a la espiritualidad y dejar atr\u00e1s el des\u00e1nimo"},"content":{"rendered":"\n<p><strong>Jes\u00fas Utrilla \/ NV Noticias <\/strong><\/p>\n\n\n\n<p>Aument\u00f3 el suicidio de j\u00f3venes producto de la desesperaci\u00f3n. El Obispo Em\u00e9rito, Luis Felipe Gallardo Mart\u00edn del Campo, exhort\u00f3 a acercarse a la espiritualidad y seguir adelante.<\/p>\n\n\n\n<p>Lament\u00f3 el fallecimiento de hace unos d\u00edas del joven que se avent\u00f3 de un hotel ubicado en el bulevar de Boca del R\u00edo. <\/p>\n\n\n\n<p>Se\u00f1al\u00f3 que las personas llegan a esa determinaci\u00f3n al sentirse desesperadas y desesperanzadas. <\/p>\n\n\n\n<blockquote class=\"wp-block-quote is-layout-flow wp-block-quote-is-layout-flow\"><p>\u201c<em>Es cuesti\u00f3n de una desesperaci\u00f3n que llega al suicidio por las depresiones en que se encuentran muchas veces. Llegan a ver la perspectiva de vida en el ambiente en que est\u00e1n como que ya no hay capacidad de afrontar. Se encierran y llega un momento en el que prefieren acabar con la vida y decir que esto es insoportable, es fruto de depresi\u00f3n y abandono\u201d.<\/em><\/p><\/blockquote>\n\n\n\n<p>De acuerdo a cifras del a\u00f1o pasado en M\u00e9xico los hombres tienen una tasa de 10.9 suicidios por cada 100 mil (6 785). La tasa para las mujeres es de 2.4 por cada 100 mil (1 552). <\/p>\n\n\n\n<p>El Obispo Em\u00e9rito, insisti\u00f3 en que las personas deber\u00edan acercarse m\u00e1s a la espiritualidad.<\/p>\n\n\n\n<blockquote class=\"wp-block-quote is-layout-flow wp-block-quote-is-layout-flow\"><p>\u201c<em>Es un camino que te ilumina, cu\u00e1l es tu dignidad, tu capacidad, los lineamientos que puedes dar a tu vida, siempre la palabra de Dios ilumina el camino de la vida. Yo pienso que a trav\u00e9s de la formaci\u00f3n cristiana podemos evitar que los j\u00f3venes agarren caminos equivocados<\/em>\u201d.<\/p><\/blockquote>\n\n\n\n<p>Llam\u00f3 a hacer algo por recuperar la fe en la trascendencia, para seguir adelante.<\/p>\n","protected":false},"excerpt":{"rendered":"<p>Jes\u00fas Utrilla \/ NV Noticias Aument\u00f3 el suicidio de j\u00f3venes producto de la desesperaci\u00f3n. El Obispo Em\u00e9rito, Luis Felipe Gallardo Mart\u00edn del Campo, exhort\u00f3 a acercarse a la espiritualidad y seguir adelante. Lament\u00f3 el fallecimiento de hace unos d\u00edas del joven que se avent\u00f3 de un hotel ubicado en el bulevar de Boca del R\u00edo. [&hellip;]<\/p>\n","protected":false},"author":8,"featured_media":104759,"comment_status":"open","ping_status":"open","sticky":false,"template":"","format":"standard","meta":{"_monsterinsights_skip_tracking":false,"_monsterinsights_sitenote_active":false,"_monsterinsights_sitenote_note":"","_monsterinsights_sitenote_category":0,"footnotes":""},"categories":[154],"tags":[2551,24843,24842,24841],"class_list":["post-104758","post","type-post","status-publish","format-standard","has-post-thumbnail","hentry","category-veracruz","tag-depresion","tag-espiritualidad","tag-luis-felipe-gallardo","tag-obispo-emerito","wp-image-borders"],"amp_enabled":true,"_links":{"self":[{"href":"https:\/\/nvnoticias.mx\/index.php\/wp-json\/wp\/v2\/posts\/104758","targetHints":{"allow":["GET"]}}],"collection":[{"href":"https:\/\/nvnoticias.mx\/index.php\/wp-json\/wp\/v2\/posts"}],"about":[{"href":"https:\/\/nvnoticias.mx\/index.php\/wp-json\/wp\/v2\/types\/post"}],"author":[{"embeddable":true,"href":"https:\/\/nvnoticias.mx\/index.php\/wp-json\/wp\/v2\/users\/8"}],"replies":[{"embeddable":true,"href":"https:\/\/nvnoticias.mx\/index.php\/wp-json\/wp\/v2\/comments?post=104758"}],"version-history":[{"count":1,"href":"https:\/\/nvnoticias.mx\/index.php\/wp-json\/wp\/v2\/posts\/104758\/revisions"}],"predecessor-version":[{"id":104760,"href":"https:\/\/nvnoticias.mx\/index.php\/wp-json\/wp\/v2\/posts\/104758\/revisions\/104760"}],"wp:featuredmedia":[{"embeddable":true,"href":"https:\/\/nvnoticias.mx\/index.php\/wp-json\/wp\/v2\/media\/104759"}],"wp:attachment":[{"href":"https:\/\/nvnoticias.mx\/index.php\/wp-json\/wp\/v2\/media?parent=104758"}],"wp:term":[{"taxonomy":"category","embeddable":true,"href":"https:\/\/nvnoticias.mx\/index.php\/wp-json\/wp\/v2\/categories?post=104758"},{"taxonomy":"post_tag","embeddable":true,"href":"https:\/\/nvnoticias.mx\/index.php\/wp-json\/wp\/v2\/tags?post=104758"}],"curies":[{"name":"wp","href":"https:\/\/api.w.org\/{rel}","templated":true}]}}