{"id":104731,"date":"2023-04-27T13:22:27","date_gmt":"2023-04-27T18:22:27","guid":{"rendered":"https:\/\/nvnoticias.mx\/?p=104731"},"modified":"2023-04-27T13:22:28","modified_gmt":"2023-04-27T18:22:28","slug":"propone-presidente-del-senado-extinguir-el-inai","status":"publish","type":"post","link":"https:\/\/nvnoticias.mx\/index.php\/2023\/04\/27\/propone-presidente-del-senado-extinguir-el-inai\/","title":{"rendered":"Propone presidente del Senado  extinguir el INAI"},"content":{"rendered":"\n<p>Alejandro Armenta, presidente del Senado,\u00a0propuso extinguir el Instituto Nacional de Transparencia, Acceso a la Informaci\u00f3n y Protecci\u00f3n de Datos Personales (INAI) y que sus funciones sean absorbidas por la Secretar\u00eda de la Funci\u00f3n P\u00fablica.<\/p>\n\n\n\n<p>La iniciativa del senador de Morena abroga la Ley General de Transparencia y Acceso a la Informaci\u00f3n, la Ley Federal de Transparencia y Acceso a la Informaci\u00f3n P\u00fablica, los Lineamientos del INAI en Materia de Transparencia, Acceso a la Informaci\u00f3n y Protecci\u00f3n de Datos Personales.<\/p>\n\n\n\n<p>As\u00ed como los Criterios de Interpretaci\u00f3n del INAI y otros acuerdos y leyes, entre ellas, la Ley General de Protecci\u00f3n de Datos Personales en Posesi\u00f3n de Sujetos Obligados y los art\u00edculos 38 y 65 fracciones VII y VIII de la Ley General de Archivo.<\/p>\n\n\n\n<p>En la exposici\u00f3n de motivos de la iniciativa, el legislador por Puebla asevera que&nbsp;<strong>tanto el INAI como la Secretar\u00eda de la Funci\u00f3n P\u00fablica son instituciones que comparten objetivos y actividades<\/strong>&nbsp;que, al tener puntos en com\u00fan.&nbsp;<\/p>\n\n\n\n<blockquote class=\"wp-block-quote is-layout-flow wp-block-quote-is-layout-flow\"><p>\u201c<strong>Se hace notar la posibilidad de que el INAI sea absorbido por la Secretar\u00eda de la Funci\u00f3n P\u00fablica<\/strong>, con el fin de tener un solo ente responsable de la transparencia de la informaci\u00f3n, as\u00ed como la protecci\u00f3n de datos personales\u201d, dijo.<\/p><\/blockquote>\n\n\n\n<p>As\u00ed, corresponder\u00eda a la Secretar\u00eda de la Funci\u00f3n P\u00fablica \u201catender las solicitudes de informaci\u00f3n p\u00fablica\u201d,\u00a0como parte de una de sus funcione<strong><u>s,<\/u><\/strong>\u00a0que es la de \u201cfortalecer la transparencia y el gobierno abierto, as\u00ed como impulsar con instancias p\u00fablicas nacionales e internacionales, acciones sistem\u00e1ticas y de coordinaci\u00f3n institucional para combatir la corrupci\u00f3n y la impunidad\u201d.<\/p>\n\n\n\n<p>Fuente:<a href=\"https:\/\/www.milenio.com\/politica\/alejandro-armenta-propone-extinguir-el-inai-sfp-absorberia\" data-type=\"URL\" data-id=\"https:\/\/www.milenio.com\/politica\/alejandro-armenta-propone-extinguir-el-inai-sfp-absorberia\"> El Financiero<\/a> <\/p>\n","protected":false},"excerpt":{"rendered":"<p>Alejandro Armenta, presidente del Senado,\u00a0propuso extinguir el Instituto Nacional de Transparencia, Acceso a la Informaci\u00f3n y Protecci\u00f3n de Datos Personales (INAI) y que sus funciones sean absorbidas por la Secretar\u00eda de la Funci\u00f3n P\u00fablica. La iniciativa del senador de Morena abroga la Ley General de Transparencia y Acceso a la Informaci\u00f3n, la Ley Federal de [&hellip;]<\/p>\n","protected":false},"author":35,"featured_media":988,"comment_status":"open","ping_status":"open","sticky":false,"template":"","format":"standard","meta":{"_monsterinsights_skip_tracking":false,"_monsterinsights_sitenote_active":false,"_monsterinsights_sitenote_note":"","_monsterinsights_sitenote_category":0,"footnotes":""},"categories":[158],"tags":[24787,355,162,411,9596,369],"class_list":["post-104731","post","type-post","status-publish","format-standard","has-post-thumbnail","hentry","category-politica","tag-extinguir","tag-inai","tag-portada","tag-presidente","tag-propone","tag-senado","wp-image-borders"],"amp_enabled":true,"_links":{"self":[{"href":"https:\/\/nvnoticias.mx\/index.php\/wp-json\/wp\/v2\/posts\/104731","targetHints":{"allow":["GET"]}}],"collection":[{"href":"https:\/\/nvnoticias.mx\/index.php\/wp-json\/wp\/v2\/posts"}],"about":[{"href":"https:\/\/nvnoticias.mx\/index.php\/wp-json\/wp\/v2\/types\/post"}],"author":[{"embeddable":true,"href":"https:\/\/nvnoticias.mx\/index.php\/wp-json\/wp\/v2\/users\/35"}],"replies":[{"embeddable":true,"href":"https:\/\/nvnoticias.mx\/index.php\/wp-json\/wp\/v2\/comments?post=104731"}],"version-history":[{"count":3,"href":"https:\/\/nvnoticias.mx\/index.php\/wp-json\/wp\/v2\/posts\/104731\/revisions"}],"predecessor-version":[{"id":104734,"href":"https:\/\/nvnoticias.mx\/index.php\/wp-json\/wp\/v2\/posts\/104731\/revisions\/104734"}],"wp:featuredmedia":[{"embeddable":true,"href":"https:\/\/nvnoticias.mx\/index.php\/wp-json\/wp\/v2\/media\/988"}],"wp:attachment":[{"href":"https:\/\/nvnoticias.mx\/index.php\/wp-json\/wp\/v2\/media?parent=104731"}],"wp:term":[{"taxonomy":"category","embeddable":true,"href":"https:\/\/nvnoticias.mx\/index.php\/wp-json\/wp\/v2\/categories?post=104731"},{"taxonomy":"post_tag","embeddable":true,"href":"https:\/\/nvnoticias.mx\/index.php\/wp-json\/wp\/v2\/tags?post=104731"}],"curies":[{"name":"wp","href":"https:\/\/api.w.org\/{rel}","templated":true}]}}