{"id":104715,"date":"2023-04-27T12:02:40","date_gmt":"2023-04-27T17:02:40","guid":{"rendered":"https:\/\/nvnoticias.mx\/?p=104715"},"modified":"2023-04-27T12:02:40","modified_gmt":"2023-04-27T17:02:40","slug":"se-registra-sofia-escobar-para-contender-por-la-corona-de-la-reina-infantil-del-carnaval-de-veracruz","status":"publish","type":"post","link":"https:\/\/nvnoticias.mx\/index.php\/2023\/04\/27\/se-registra-sofia-escobar-para-contender-por-la-corona-de-la-reina-infantil-del-carnaval-de-veracruz\/","title":{"rendered":"Se registra Sof\u00eda Escobar para contender por la corona de la reina infantil del Carnaval de Veracruz"},"content":{"rendered":"\n<p><br><strong>Jes\u00fas Utrilla | NV Noticias <\/strong><\/p>\n\n\n\n<p>En medio de un ambiente de fiesta y alegr\u00eda, Sof\u00eda Amayrani Escobar, se inscribi\u00f3 para contender por la corona de la reina infantil del Carnaval de Veracruz 2023.<\/p>\n\n\n\n<p>Su distintivo es blanco y como parte de su registro llev\u00f3 a cabo un papaqui sobre la avenida Independencia de la ciudad de Veracruz para llegar hasta el Comit\u00e9 de Carnaval y concretar su inscripci\u00f3n.<\/p>\n\n\n\n<p>Inici\u00f3 la rumbata a la altura del Tranv\u00eda del Recuerdo, con rumbo al comit\u00e9 de Carnaval, acompa\u00f1ado de un grupo de baile.<\/p>\n\n\n\n<p>Avanz\u00f3 con su contingente por toda la avenida Independencia. Se dijo contenta de contender y espera lograr ganar la corona para ser la reina infantil de las fiestas de este a\u00f1o.<\/p>\n\n\n\n<p>Tras haber reunido los requisitos establecidos en la convocatoria, qued\u00f3 formalmente registrada en una ceremonia encabezada por el presidente del Comit\u00e9 Organizador, Luis Antonio P\u00e9rez Fraga.<br>El Carnaval de Veracruz 2023 ser\u00e1 del 29 de junio al 5 de junio.<\/p>\n\n\n\n<p>Permanece abierta la convocatoria para formar parte de la Corte Real del Carnaval de  Veracruz 2023. Cabe recordar que el 28 de abril cierran las inscripciones.<\/p>\n\n\n\n<p>En el caso de los ni\u00f1os la inscripci\u00f3n tiene un costo de 15 mil pesos y los votos tendr\u00e1n un costo de 1 peso.<\/p>\n\n\n\n<p>En el caso de rey y reina la elecci\u00f3n se har\u00e1 por certamen de conocimientos con siete o nueve jurados. La inscripci\u00f3n para ambos casos es de 600 UMAS, equivalente a 62 mil pesos y ser\u00e1 pago \u00fanico ya que anteriormente hab\u00eda bono de continuidad de 100 mil pesos pues la inscripci\u00f3n era de 25 mil pesos.<\/p>\n\n\n\n<p>A trav\u00e9s de varias pruebas entre vestido de noche, conocimientos de historia, del carnaval y de turismo se determinar\u00e1 al ganador.<\/p>\n","protected":false},"excerpt":{"rendered":"<p>Jes\u00fas Utrilla | NV Noticias En medio de un ambiente de fiesta y alegr\u00eda, Sof\u00eda Amayrani Escobar, se inscribi\u00f3 para contender por la corona de la reina infantil del Carnaval de Veracruz 2023. Su distintivo es blanco y como parte de su registro llev\u00f3 a cabo un papaqui sobre la avenida Independencia de la ciudad [&hellip;]<\/p>\n","protected":false},"author":35,"featured_media":104716,"comment_status":"open","ping_status":"open","sticky":false,"template":"","format":"standard","meta":{"_monsterinsights_skip_tracking":false,"_monsterinsights_sitenote_active":false,"_monsterinsights_sitenote_note":"","_monsterinsights_sitenote_category":0,"footnotes":""},"categories":[154],"tags":[1138,8577,12380,24832],"class_list":["post-104715","post","type-post","status-publish","format-standard","has-post-thumbnail","hentry","category-veracruz","tag-carnaval-de-veracruz","tag-corona","tag-reina-infantil","tag-sofia-escobar","wp-image-borders"],"amp_enabled":true,"_links":{"self":[{"href":"https:\/\/nvnoticias.mx\/index.php\/wp-json\/wp\/v2\/posts\/104715","targetHints":{"allow":["GET"]}}],"collection":[{"href":"https:\/\/nvnoticias.mx\/index.php\/wp-json\/wp\/v2\/posts"}],"about":[{"href":"https:\/\/nvnoticias.mx\/index.php\/wp-json\/wp\/v2\/types\/post"}],"author":[{"embeddable":true,"href":"https:\/\/nvnoticias.mx\/index.php\/wp-json\/wp\/v2\/users\/35"}],"replies":[{"embeddable":true,"href":"https:\/\/nvnoticias.mx\/index.php\/wp-json\/wp\/v2\/comments?post=104715"}],"version-history":[{"count":1,"href":"https:\/\/nvnoticias.mx\/index.php\/wp-json\/wp\/v2\/posts\/104715\/revisions"}],"predecessor-version":[{"id":104717,"href":"https:\/\/nvnoticias.mx\/index.php\/wp-json\/wp\/v2\/posts\/104715\/revisions\/104717"}],"wp:featuredmedia":[{"embeddable":true,"href":"https:\/\/nvnoticias.mx\/index.php\/wp-json\/wp\/v2\/media\/104716"}],"wp:attachment":[{"href":"https:\/\/nvnoticias.mx\/index.php\/wp-json\/wp\/v2\/media?parent=104715"}],"wp:term":[{"taxonomy":"category","embeddable":true,"href":"https:\/\/nvnoticias.mx\/index.php\/wp-json\/wp\/v2\/categories?post=104715"},{"taxonomy":"post_tag","embeddable":true,"href":"https:\/\/nvnoticias.mx\/index.php\/wp-json\/wp\/v2\/tags?post=104715"}],"curies":[{"name":"wp","href":"https:\/\/api.w.org\/{rel}","templated":true}]}}