{"id":104702,"date":"2023-04-27T11:31:57","date_gmt":"2023-04-27T16:31:57","guid":{"rendered":"https:\/\/nvnoticias.mx\/?p=104702"},"modified":"2023-04-27T11:31:57","modified_gmt":"2023-04-27T16:31:57","slug":"asisten-marcelo-ebrard-y-su-esposa-a-concierto-de-blackpink-en-foro-sol","status":"publish","type":"post","link":"https:\/\/nvnoticias.mx\/index.php\/2023\/04\/27\/asisten-marcelo-ebrard-y-su-esposa-a-concierto-de-blackpink-en-foro-sol\/","title":{"rendered":"Asisten Marcelo Ebrard y su esposa a concierto de Blackpink en Foro Sol"},"content":{"rendered":"\n<p><strong>Marcelo Ebrard, secretario de Relaciones Exteriores,<\/strong>&nbsp;acudi\u00f3 al concierto del grupo musical&nbsp;BLACKPINK&nbsp;en el Foro Sol,&nbsp;junto a la diplom\u00e1tica Rosalinda Bueso,&nbsp;quien tambi\u00e9n es su esposa.&nbsp;<\/p>\n\n\n\n<blockquote class=\"wp-block-quote is-layout-flow wp-block-quote-is-layout-flow\"><p>\u201cBLACKPINK,&nbsp;welcome to Mexico!\u201d, escribi\u00f3 el canciller.&nbsp;<\/p><\/blockquote>\n\n\n\n<p>A trav\u00e9s de redes sociales, Ebrard comparti\u00f3 im\u00e1genes y videos del concierto del&nbsp;<strong>grupo musical femenino surcoreano, integrado por&nbsp;Jennie, Jisoo, Lisa y Ros\u00e9<\/strong><strong>.<\/strong><\/p>\n\n\n\n<blockquote class=\"wp-block-quote is-layout-flow wp-block-quote-is-layout-flow\"><p>&#8220;Invit\u00e9 a Rosy al concierto de&nbsp;BLACKPINK&nbsp;en Foro Sol, \u00a1S\u00faper! \u00a1Black Pink in the area!&#8221;, escribi\u00f3 el canciller junto a un video donde el matrimonio saluda, junto a cientos de asistentes.&nbsp;<\/p><\/blockquote>\n\n\n\n<p>El canciller ha expresado en varias ocasiones ser fan de grupos como BTS.<\/p>\n\n\n\n<p>En otras publicaciones,\u00a0<strong>Ebrard comparti\u00f3 im\u00e1genes de personas que le ped\u00edan fotos<\/strong>, adem\u00e1s de calificar el momento de &#8220;grata experiencia&#8221;.\u00a0<\/p>\n\n\n\n<p>Fuente: <a href=\"https:\/\/www.milenio.com\/espectaculos\/ebrard-asiste-rosalinda-bueso-foro-sol-blackpink\" data-type=\"URL\" data-id=\"https:\/\/www.milenio.com\/espectaculos\/ebrard-asiste-rosalinda-bueso-foro-sol-blackpink\">Milenio<\/a><\/p>\n","protected":false},"excerpt":{"rendered":"<p>Marcelo Ebrard, secretario de Relaciones Exteriores,&nbsp;acudi\u00f3 al concierto del grupo musical&nbsp;BLACKPINK&nbsp;en el Foro Sol,&nbsp;junto a la diplom\u00e1tica Rosalinda Bueso,&nbsp;quien tambi\u00e9n es su esposa.&nbsp; \u201cBLACKPINK,&nbsp;welcome to Mexico!\u201d, escribi\u00f3 el canciller.&nbsp; A trav\u00e9s de redes sociales, Ebrard comparti\u00f3 im\u00e1genes y videos del concierto del&nbsp;grupo musical femenino surcoreano, integrado por&nbsp;Jennie, Jisoo, Lisa y Ros\u00e9. &#8220;Invit\u00e9 a Rosy al [&hellip;]<\/p>\n","protected":false},"author":35,"featured_media":104703,"comment_status":"open","ping_status":"open","sticky":false,"template":"","format":"standard","meta":{"_monsterinsights_skip_tracking":false,"_monsterinsights_sitenote_active":false,"_monsterinsights_sitenote_note":"","_monsterinsights_sitenote_category":0,"footnotes":""},"categories":[576],"tags":[18087,6277,801,4563,14427,391],"class_list":["post-104702","post","type-post","status-publish","format-standard","has-post-thumbnail","hentry","category-ocio","tag-asisten","tag-blackpink","tag-concierto","tag-esposa","tag-foro-sol","tag-marcelo-ebrard","wp-image-borders"],"amp_enabled":true,"_links":{"self":[{"href":"https:\/\/nvnoticias.mx\/index.php\/wp-json\/wp\/v2\/posts\/104702","targetHints":{"allow":["GET"]}}],"collection":[{"href":"https:\/\/nvnoticias.mx\/index.php\/wp-json\/wp\/v2\/posts"}],"about":[{"href":"https:\/\/nvnoticias.mx\/index.php\/wp-json\/wp\/v2\/types\/post"}],"author":[{"embeddable":true,"href":"https:\/\/nvnoticias.mx\/index.php\/wp-json\/wp\/v2\/users\/35"}],"replies":[{"embeddable":true,"href":"https:\/\/nvnoticias.mx\/index.php\/wp-json\/wp\/v2\/comments?post=104702"}],"version-history":[{"count":3,"href":"https:\/\/nvnoticias.mx\/index.php\/wp-json\/wp\/v2\/posts\/104702\/revisions"}],"predecessor-version":[{"id":104706,"href":"https:\/\/nvnoticias.mx\/index.php\/wp-json\/wp\/v2\/posts\/104702\/revisions\/104706"}],"wp:featuredmedia":[{"embeddable":true,"href":"https:\/\/nvnoticias.mx\/index.php\/wp-json\/wp\/v2\/media\/104703"}],"wp:attachment":[{"href":"https:\/\/nvnoticias.mx\/index.php\/wp-json\/wp\/v2\/media?parent=104702"}],"wp:term":[{"taxonomy":"category","embeddable":true,"href":"https:\/\/nvnoticias.mx\/index.php\/wp-json\/wp\/v2\/categories?post=104702"},{"taxonomy":"post_tag","embeddable":true,"href":"https:\/\/nvnoticias.mx\/index.php\/wp-json\/wp\/v2\/tags?post=104702"}],"curies":[{"name":"wp","href":"https:\/\/api.w.org\/{rel}","templated":true}]}}