{"id":104638,"date":"2023-04-26T18:07:51","date_gmt":"2023-04-26T23:07:51","guid":{"rendered":"https:\/\/nvnoticias.mx\/?p=104638"},"modified":"2023-04-26T18:07:53","modified_gmt":"2023-04-26T23:07:53","slug":"revelan-cinturon-conmemorativo-por-la-batalla-del-5-mayo-para-pelea-de-canelo-alvarez-vs-john-ryder","status":"publish","type":"post","link":"https:\/\/nvnoticias.mx\/index.php\/2023\/04\/26\/revelan-cinturon-conmemorativo-por-la-batalla-del-5-mayo-para-pelea-de-canelo-alvarez-vs-john-ryder\/","title":{"rendered":"Revelan cintur\u00f3n conmemorativo por la Batalla del 5 mayo para pelea de Canelo \u00c1lvarez vs John Ryder"},"content":{"rendered":"\n<p>La pelea de Sa\u00fal &#8216;Canelo&#8217; \u00b4\u00c1lvarez vs. John Ryder est\u00e1 a 10 d\u00edas de realizarse y este mi\u00e9rcoles 26 de abril se revel\u00f3 el cintur\u00f3n especial para el ganador del combate.<\/p>\n\n\n\n<p>Mauricio Sulaim\u00e1n, presidente del Consejo Mundial de Box (CMB), present\u00f3 de manera oficial en la C\u00e1mara de Diputados de la CDMX en M\u00e9xico el cintur\u00f3n conmemorativo por Batalla del 5 de mayo con el nombre Puebla-Jalisco.<\/p>\n\n\n\n<p>La funci\u00f3n se realizar\u00e1 el pr\u00f3ximo 6 de mayo en el Estadio Akron, casa de las Chivas de la Liga MX, en la ciudad de Zapopan en Jalisco, M\u00e9xico.<\/p>\n\n\n\n<blockquote class=\"wp-block-quote is-layout-flow wp-block-quote-is-layout-flow\"><p>&#8220;<em>Es una pieza \u00fanica. Representa al estado que celebra 200 a\u00f1os y tambi\u00e9n al estado que nos defendi\u00f3 el 5 de mayo&#8221;<\/em>, se\u00f1al\u00f3 Mauricio Sulaim\u00e1n en conferencia de prensa.<\/p><\/blockquote>\n\n\n\n<p><strong>CINTUR\u00d3N PARA CANELO VS. JOHN RYDER A DETALLE<\/strong><\/p>\n\n\n\n<p>Este cintur\u00f3n conmemorativo de la pelea de &#8216;Canelo&#8217; \u00c1lvarez vs. John Ryder cuenta con algunos detalles interesantes y fue creado por siete mujeres artesanas de M\u00e9xico.<\/p>\n\n\n\n<p>Cuenta con detalles del Estado de Puebla, como la china poblana y el volc\u00e1n Popocat\u00e9petl, as\u00ed como del Estado de Jalisco se resalt\u00f3 el agave y el mariachi.<\/p>\n\n\n\n<p>Este se une a la lista de cinturones conmemorativos que se han realizado desde el 2017 por parte del CMB en diferentes peleas, sobre todo de Sa\u00fal \u00c1lvarez.<\/p>\n\n\n\n<p>La presentaci\u00f3n del cintur\u00f3n especial ue engalanada por boxeadores hist\u00f3ricos de M\u00e9xico como Pipino Cuevas, Humberto &#8216;Chiquita&#8217; Gonz\u00e1lez, David Picasso y Lourdes Ju\u00e1rez.<\/p>\n\n\n\n<p>Fuente: <a href=\"https:\/\/www.tudn.com\/boxeo\/canelo-alvarezvs-john-ryder-revelan-cinturon-conmemorativo-batalla-de-5-mayo-ganador\">TUDN<\/a><\/p>\n","protected":false},"excerpt":{"rendered":"<p>La pelea de Sa\u00fal &#8216;Canelo&#8217; \u00b4\u00c1lvarez vs. John Ryder est\u00e1 a 10 d\u00edas de realizarse y este mi\u00e9rcoles 26 de abril se revel\u00f3 el cintur\u00f3n especial para el ganador del combate. Mauricio Sulaim\u00e1n, presidente del Consejo Mundial de Box (CMB), present\u00f3 de manera oficial en la C\u00e1mara de Diputados de la CDMX en M\u00e9xico el [&hellip;]<\/p>\n","protected":false},"author":8,"featured_media":104639,"comment_status":"open","ping_status":"open","sticky":false,"template":"","format":"standard","meta":{"_monsterinsights_skip_tracking":false,"_monsterinsights_sitenote_active":false,"_monsterinsights_sitenote_note":"","_monsterinsights_sitenote_category":0,"footnotes":""},"categories":[159],"tags":[459,19069,23884,24827],"class_list":["post-104638","post","type-post","status-publish","format-standard","has-post-thumbnail","hentry","category-deportes","tag-canelo-alvarez","tag-cinturon","tag-john-ryder","tag-wbc","wp-image-borders"],"amp_enabled":true,"_links":{"self":[{"href":"https:\/\/nvnoticias.mx\/index.php\/wp-json\/wp\/v2\/posts\/104638","targetHints":{"allow":["GET"]}}],"collection":[{"href":"https:\/\/nvnoticias.mx\/index.php\/wp-json\/wp\/v2\/posts"}],"about":[{"href":"https:\/\/nvnoticias.mx\/index.php\/wp-json\/wp\/v2\/types\/post"}],"author":[{"embeddable":true,"href":"https:\/\/nvnoticias.mx\/index.php\/wp-json\/wp\/v2\/users\/8"}],"replies":[{"embeddable":true,"href":"https:\/\/nvnoticias.mx\/index.php\/wp-json\/wp\/v2\/comments?post=104638"}],"version-history":[{"count":1,"href":"https:\/\/nvnoticias.mx\/index.php\/wp-json\/wp\/v2\/posts\/104638\/revisions"}],"predecessor-version":[{"id":104640,"href":"https:\/\/nvnoticias.mx\/index.php\/wp-json\/wp\/v2\/posts\/104638\/revisions\/104640"}],"wp:featuredmedia":[{"embeddable":true,"href":"https:\/\/nvnoticias.mx\/index.php\/wp-json\/wp\/v2\/media\/104639"}],"wp:attachment":[{"href":"https:\/\/nvnoticias.mx\/index.php\/wp-json\/wp\/v2\/media?parent=104638"}],"wp:term":[{"taxonomy":"category","embeddable":true,"href":"https:\/\/nvnoticias.mx\/index.php\/wp-json\/wp\/v2\/categories?post=104638"},{"taxonomy":"post_tag","embeddable":true,"href":"https:\/\/nvnoticias.mx\/index.php\/wp-json\/wp\/v2\/tags?post=104638"}],"curies":[{"name":"wp","href":"https:\/\/api.w.org\/{rel}","templated":true}]}}