{"id":104634,"date":"2023-04-26T17:24:01","date_gmt":"2023-04-26T22:24:01","guid":{"rendered":"https:\/\/nvnoticias.mx\/?p=104634"},"modified":"2023-04-26T17:24:02","modified_gmt":"2023-04-26T22:24:02","slug":"genesis-vera-segunda-candidata-a-reina-del-carnaval-de-veracruz","status":"publish","type":"post","link":"https:\/\/nvnoticias.mx\/index.php\/2023\/04\/26\/genesis-vera-segunda-candidata-a-reina-del-carnaval-de-veracruz\/","title":{"rendered":"G\u00e9nesis Vera, segunda candidata a reina del Carnaval de Veracruz"},"content":{"rendered":"\n<p>G\u00e9nesis Vera Fernandez es la segunda candidata a Reina del Carnaval de Veracruz 2023 que se llevar\u00e1 a cabo del 29 de junio al 5 de julio.<\/p>\n\n\n\n<p>G\u00e9nesis Vera Fernandez es la nueva candidata a reina del Carnaval, ella estar\u00e1 participando dentro de la contienda con el distintivo color verde.<\/p>\n\n\n\n<p>Hasta el momento es la segunda aspirante que se inscribe ante las oficinas del Comit\u00e9 Organizador.<\/p>\n","protected":false},"excerpt":{"rendered":"<p>G\u00e9nesis Vera Fernandez es la segunda candidata a Reina del Carnaval de Veracruz 2023 que se llevar\u00e1 a cabo del 29 de junio al 5 de julio. G\u00e9nesis Vera Fernandez es la nueva candidata a reina del Carnaval, ella estar\u00e1 participando dentro de la contienda con el distintivo color verde. Hasta el momento es la [&hellip;]<\/p>\n","protected":false},"author":8,"featured_media":104636,"comment_status":"open","ping_status":"open","sticky":false,"template":"","format":"standard","meta":{"_monsterinsights_skip_tracking":false,"_monsterinsights_sitenote_active":false,"_monsterinsights_sitenote_note":"","_monsterinsights_sitenote_category":0,"footnotes":""},"categories":[154],"tags":[563,1138,24824],"class_list":["post-104634","post","type-post","status-publish","format-standard","has-post-thumbnail","hentry","category-veracruz","tag-candidata","tag-carnaval-de-veracruz","tag-reyna","wp-image-borders"],"amp_enabled":true,"_links":{"self":[{"href":"https:\/\/nvnoticias.mx\/index.php\/wp-json\/wp\/v2\/posts\/104634","targetHints":{"allow":["GET"]}}],"collection":[{"href":"https:\/\/nvnoticias.mx\/index.php\/wp-json\/wp\/v2\/posts"}],"about":[{"href":"https:\/\/nvnoticias.mx\/index.php\/wp-json\/wp\/v2\/types\/post"}],"author":[{"embeddable":true,"href":"https:\/\/nvnoticias.mx\/index.php\/wp-json\/wp\/v2\/users\/8"}],"replies":[{"embeddable":true,"href":"https:\/\/nvnoticias.mx\/index.php\/wp-json\/wp\/v2\/comments?post=104634"}],"version-history":[{"count":1,"href":"https:\/\/nvnoticias.mx\/index.php\/wp-json\/wp\/v2\/posts\/104634\/revisions"}],"predecessor-version":[{"id":104637,"href":"https:\/\/nvnoticias.mx\/index.php\/wp-json\/wp\/v2\/posts\/104634\/revisions\/104637"}],"wp:featuredmedia":[{"embeddable":true,"href":"https:\/\/nvnoticias.mx\/index.php\/wp-json\/wp\/v2\/media\/104636"}],"wp:attachment":[{"href":"https:\/\/nvnoticias.mx\/index.php\/wp-json\/wp\/v2\/media?parent=104634"}],"wp:term":[{"taxonomy":"category","embeddable":true,"href":"https:\/\/nvnoticias.mx\/index.php\/wp-json\/wp\/v2\/categories?post=104634"},{"taxonomy":"post_tag","embeddable":true,"href":"https:\/\/nvnoticias.mx\/index.php\/wp-json\/wp\/v2\/tags?post=104634"}],"curies":[{"name":"wp","href":"https:\/\/api.w.org\/{rel}","templated":true}]}}