{"id":104610,"date":"2023-04-26T15:30:55","date_gmt":"2023-04-26T20:30:55","guid":{"rendered":"https:\/\/nvnoticias.mx\/?p=104610"},"modified":"2023-04-26T15:30:56","modified_gmt":"2023-04-26T20:30:56","slug":"feria-internacional-del-libro-universitario-regresa-en-mayo","status":"publish","type":"post","link":"https:\/\/nvnoticias.mx\/index.php\/2023\/04\/26\/feria-internacional-del-libro-universitario-regresa-en-mayo\/","title":{"rendered":"Feria Internacional del Libro Universitario regresa en mayo"},"content":{"rendered":"\n<p><strong>Sam Ojeda \/ NV Noticias <\/strong><\/p>\n\n\n\n<p>Xalapa.- La coordinadora de la Feria Internacional del Libro Universitario (FILU), Judith Guadalupe P\u00e1ez Paniagua, inform\u00f3 que del 12 al 21 de mayo se realiza este encuentro con la participaci\u00f3n de invitados de Centroam\u00e9rica y el Caribe como regi\u00f3n invitada.<\/p>\n\n\n\n<p>En conferencia de prensa, detall\u00f3 que en su edici\u00f3n 2023 se abordar\u00e1 el fen\u00f3meno migratorio a trav\u00e9s del Foro Acad\u00e9mico \u201cPuentes y fronteras: migraci\u00f3n, cultura y derechos humanos\u201d.<\/p>\n\n\n\n<p>La sede ser\u00e1 nuevamente la Casa del Lago de la Universidad Veracruzana y contar\u00e1 con subsedes en el Centro de Investigaciones Tropicales (CITRO), la Universidad Veracruzana Intercultural, el Teatro J. J. Herrera, la Escuela de Estudiantes Extranjeros, la Casa de la M\u00fasica Do\u00f1a Falla, el Colegio de Notarios, la Sala Anexa Tlaqn\u00e1, la Facultad de Letras, el Instituto de Investigaciones Hist\u00f3ricos y Sociales (IIHS) y el de Investigaciones Ling\u00fc\u00edsticas.<\/p>\n\n\n\n<blockquote class=\"wp-block-quote is-layout-flow wp-block-quote-is-layout-flow\"><p>\u201c<em>La migraci\u00f3n est\u00e1 en nuestro sistema aspiracional: queremos conocer otros mundos, otras visiones, otros pa\u00edses y se va hablar desde la perspectiva de los que habitan estos espacios<\/em>\u201d.<\/p><\/blockquote>\n\n\n\n<p>P\u00e1ez Paniagua dijo que al encuentro acudir\u00e1n representantes diplom\u00e1ticos de Panam\u00e1, Cuba, Belice, Guatemala, Honduras, Nicaragua y Hait\u00ed, quienes participar\u00e1n en las Mesas del Foro Acad\u00e9mico, el cual tendr\u00e1 lugar en la Sala Anexa de Tlaqn\u00e1.<\/p>\n\n\n\n<p>La FILU adem\u00e1s entregar\u00e1 los Premios de Primera Novela Sergio Galindo que en este 2023 se concede al colombiano Jhonny Ibarra, adem\u00e1s del Premio Nacional al Estudiante Universitario en categor\u00edas Ensayo, Relato y Poes\u00eda.<\/p>\n","protected":false},"excerpt":{"rendered":"<p>Sam Ojeda \/ NV Noticias Xalapa.- La coordinadora de la Feria Internacional del Libro Universitario (FILU), Judith Guadalupe P\u00e1ez Paniagua, inform\u00f3 que del 12 al 21 de mayo se realiza este encuentro con la participaci\u00f3n de invitados de Centroam\u00e9rica y el Caribe como regi\u00f3n invitada. En conferencia de prensa, detall\u00f3 que en su edici\u00f3n 2023 [&hellip;]<\/p>\n","protected":false},"author":8,"featured_media":104614,"comment_status":"open","ping_status":"open","sticky":false,"template":"","format":"standard","meta":{"_monsterinsights_skip_tracking":false,"_monsterinsights_sitenote_active":false,"_monsterinsights_sitenote_note":"","_monsterinsights_sitenote_category":0,"footnotes":""},"categories":[156],"tags":[24821,312],"class_list":["post-104610","post","type-post","status-publish","format-standard","has-post-thumbnail","hentry","category-estado","tag-feria-del-libro","tag-xalapa","wp-image-borders"],"amp_enabled":true,"_links":{"self":[{"href":"https:\/\/nvnoticias.mx\/index.php\/wp-json\/wp\/v2\/posts\/104610","targetHints":{"allow":["GET"]}}],"collection":[{"href":"https:\/\/nvnoticias.mx\/index.php\/wp-json\/wp\/v2\/posts"}],"about":[{"href":"https:\/\/nvnoticias.mx\/index.php\/wp-json\/wp\/v2\/types\/post"}],"author":[{"embeddable":true,"href":"https:\/\/nvnoticias.mx\/index.php\/wp-json\/wp\/v2\/users\/8"}],"replies":[{"embeddable":true,"href":"https:\/\/nvnoticias.mx\/index.php\/wp-json\/wp\/v2\/comments?post=104610"}],"version-history":[{"count":1,"href":"https:\/\/nvnoticias.mx\/index.php\/wp-json\/wp\/v2\/posts\/104610\/revisions"}],"predecessor-version":[{"id":104615,"href":"https:\/\/nvnoticias.mx\/index.php\/wp-json\/wp\/v2\/posts\/104610\/revisions\/104615"}],"wp:featuredmedia":[{"embeddable":true,"href":"https:\/\/nvnoticias.mx\/index.php\/wp-json\/wp\/v2\/media\/104614"}],"wp:attachment":[{"href":"https:\/\/nvnoticias.mx\/index.php\/wp-json\/wp\/v2\/media?parent=104610"}],"wp:term":[{"taxonomy":"category","embeddable":true,"href":"https:\/\/nvnoticias.mx\/index.php\/wp-json\/wp\/v2\/categories?post=104610"},{"taxonomy":"post_tag","embeddable":true,"href":"https:\/\/nvnoticias.mx\/index.php\/wp-json\/wp\/v2\/tags?post=104610"}],"curies":[{"name":"wp","href":"https:\/\/api.w.org\/{rel}","templated":true}]}}