{"id":104569,"date":"2023-04-26T12:58:08","date_gmt":"2023-04-26T17:58:08","guid":{"rendered":"https:\/\/nvnoticias.mx\/?p=104569"},"modified":"2023-04-26T12:58:10","modified_gmt":"2023-04-26T17:58:10","slug":"senado-tendra-3-sesiones-mas-antes-de-votar-por-ley-minera-2023","status":"publish","type":"post","link":"https:\/\/nvnoticias.mx\/index.php\/2023\/04\/26\/senado-tendra-3-sesiones-mas-antes-de-votar-por-ley-minera-2023\/","title":{"rendered":"Senado tendr\u00e1 3 sesiones m\u00e1s antes de votar por Ley Minera 2023"},"content":{"rendered":"\n<p>La reforma a la Ley Minera aprobada hace unos d\u00edas por Morena y aliados a\u00fan se discutir\u00e1 en dos o tres sesiones m\u00e1s durante esta semana en el Senado de la Rep\u00fablica, indic\u00f3 Ad\u00e1n Augusto L\u00f3pez.<\/p>\n\n\n\n<p>El dictamen aprobado hace unos d\u00edas en fast track en la C\u00e1mara de Diputados se trata de una iniciativa alterna a la del presidente Andr\u00e9s Manuel L\u00f3pez Obrador, que incluye cambios sustanciales como la ampliaci\u00f3n del periodo de concesiones a mineras hasta por 80 a\u00f1os.<\/p>\n\n\n\n<p>\u201cEsperemos que se apruebe en este periodo ordinario de sesiones pero no somos parte del proceso legislativo\u201d, remarc\u00f3 L\u00f3pez y record\u00f3 que por instrucci\u00f3n del presidente, desde el gobierno se mantiene comunicaci\u00f3n con la <strong>C\u00e1mara de la Industria Minera<\/strong> (Camimex), con sus agremiados, con el <strong>Consejo Coordinador Empresarial<\/strong> (CCE) y con diversos <strong>grupos de la Sociedad Civil <\/strong>que han manifestado su postura respecto a la iniciativa.<\/p>\n\n\n\n<blockquote class=\"wp-block-quote is-layout-flow wp-block-quote-is-layout-flow\"><p>\u201cEs una ley de avanzada que entre otras cosas, deja muy en claro que ya pierde el car\u00e1cter de preferente la actividad minera, ahora se privilegia a los pueblos originarios, al derecho de los pueblos originarios, de las comunidades ind\u00edgenas, se establece todo un procedimiento para garantizar el derecho de todos los trabajadores de la industria minera&#8230; se regula la actividad de la industria minera, se reduce el numero de la duraci\u00f3n de las concesiones, respetando las concesiones ya existentes hasta antes de la reforma, se privilegia el derecho humano al agua\u201d, detall\u00f3.<\/p><\/blockquote>\n\n\n\n<p>Fuente:<a href=\"https:\/\/www.elfinanciero.com.mx\/nacional\/2023\/04\/26\/conferencia-de-amlo-sigue-minuto-a-minuto-mananera-hoy-26-de-de-abril\/\" data-type=\"URL\" data-id=\"https:\/\/www.elfinanciero.com.mx\/nacional\/2023\/04\/26\/conferencia-de-amlo-sigue-minuto-a-minuto-mananera-hoy-26-de-de-abril\/\"> El Financiero<\/a><\/p>\n","protected":false},"excerpt":{"rendered":"<p>La reforma a la Ley Minera aprobada hace unos d\u00edas por Morena y aliados a\u00fan se discutir\u00e1 en dos o tres sesiones m\u00e1s durante esta semana en el Senado de la Rep\u00fablica, indic\u00f3 Ad\u00e1n Augusto L\u00f3pez. El dictamen aprobado hace unos d\u00edas en fast track en la C\u00e1mara de Diputados se trata de una iniciativa [&hellip;]<\/p>\n","protected":false},"author":35,"featured_media":60306,"comment_status":"open","ping_status":"open","sticky":false,"template":"","format":"standard","meta":{"_monsterinsights_skip_tracking":false,"_monsterinsights_sitenote_active":false,"_monsterinsights_sitenote_note":"","_monsterinsights_sitenote_category":0,"footnotes":""},"categories":[158],"tags":[13329,369,9032],"class_list":["post-104569","post","type-post","status-publish","format-standard","has-post-thumbnail","hentry","category-politica","tag-ley-minera","tag-senado","tag-sesiones","wp-image-borders"],"amp_enabled":true,"_links":{"self":[{"href":"https:\/\/nvnoticias.mx\/index.php\/wp-json\/wp\/v2\/posts\/104569","targetHints":{"allow":["GET"]}}],"collection":[{"href":"https:\/\/nvnoticias.mx\/index.php\/wp-json\/wp\/v2\/posts"}],"about":[{"href":"https:\/\/nvnoticias.mx\/index.php\/wp-json\/wp\/v2\/types\/post"}],"author":[{"embeddable":true,"href":"https:\/\/nvnoticias.mx\/index.php\/wp-json\/wp\/v2\/users\/35"}],"replies":[{"embeddable":true,"href":"https:\/\/nvnoticias.mx\/index.php\/wp-json\/wp\/v2\/comments?post=104569"}],"version-history":[{"count":1,"href":"https:\/\/nvnoticias.mx\/index.php\/wp-json\/wp\/v2\/posts\/104569\/revisions"}],"predecessor-version":[{"id":104570,"href":"https:\/\/nvnoticias.mx\/index.php\/wp-json\/wp\/v2\/posts\/104569\/revisions\/104570"}],"wp:featuredmedia":[{"embeddable":true,"href":"https:\/\/nvnoticias.mx\/index.php\/wp-json\/wp\/v2\/media\/60306"}],"wp:attachment":[{"href":"https:\/\/nvnoticias.mx\/index.php\/wp-json\/wp\/v2\/media?parent=104569"}],"wp:term":[{"taxonomy":"category","embeddable":true,"href":"https:\/\/nvnoticias.mx\/index.php\/wp-json\/wp\/v2\/categories?post=104569"},{"taxonomy":"post_tag","embeddable":true,"href":"https:\/\/nvnoticias.mx\/index.php\/wp-json\/wp\/v2\/tags?post=104569"}],"curies":[{"name":"wp","href":"https:\/\/api.w.org\/{rel}","templated":true}]}}