{"id":104554,"date":"2023-04-26T12:21:35","date_gmt":"2023-04-26T17:21:35","guid":{"rendered":"https:\/\/nvnoticias.mx\/?p=104554"},"modified":"2023-04-26T12:21:36","modified_gmt":"2023-04-26T17:21:36","slug":"tenemos-miedo-de-lo-que-viene-habitantes-pese-al-cese-de-ataques-en-sudan","status":"publish","type":"post","link":"https:\/\/nvnoticias.mx\/index.php\/2023\/04\/26\/tenemos-miedo-de-lo-que-viene-habitantes-pese-al-cese-de-ataques-en-sudan\/","title":{"rendered":"Tenemos miedo de lo que viene: Habitantes pese al cese de ataques en Sud\u00e1n"},"content":{"rendered":"\n<p>La capital de Sud\u00e1n, Jartum, y la ciudad vecina de <strong>Omdurm\u00e1n<\/strong> reportaron combates espor\u00e1dicos a primera hora de este mi\u00e9rcoles entre el ej\u00e9rcito y una fuerza paramilitar rival, pero con una menor intensidad en el segundo de los <strong>tres d\u00edas de tregua<\/strong>.<\/p>\n\n\n\n<p>Muchos residentes en la capital salieron de sus casas para buscar comida y agua e hicieron fila ante las panader\u00edas y las tiendas de comestibles, seg\u00fan los testigos. Algunos inspeccionaron las tiendas o viviendas que fueron destruidas o saqueadas durante los enfrentamientos, otros se unieron a las decenas de miles que han abandonado la ciudad en los \u00faltimos d\u00edas.<\/p>\n\n\n\n<blockquote class=\"wp-block-quote is-layout-flow wp-block-quote-is-layout-flow\"><p>\u201cHay una sensaci\u00f3n de calma en mi zona y vecindario\u201d, dijo <strong>Mahasen Ali<\/strong>, una vendedora de t\u00e9 que reside en el barrio de May, en el sur de Jartum. \u201cPero todos tenemos miedo de lo que viene\u201d.<\/p><\/blockquote>\n\n\n\n<p>A pesar de la calma relativa, en la ciudad pod\u00edan escucharse a\u00fan disparos y explosiones, agreg\u00f3.<\/p>\n\n\n\n<p>Los combates se centraron en sectores m\u00e1s espec\u00edficos de <strong>Jartum <\/strong>y <strong>Omdurm\u00e1n<\/strong>, apuntaron los residentes, principalmente en las inmediaciones del cuartel general del ej\u00e9rcito y el Palacio de la Rep\u00fablica, la sede del poder. Un intercambio de disparos sacudi\u00f3 el lujoso vecindario de Kafouri, donde est\u00e1n desplegados muchos de los combatientes de las Fuerzas de Apoyo R\u00e1pido.<\/p>\n\n\n\n<p>Tambi\u00e9n el mi\u00e9rcoles, el ej\u00e9rcito dijo que el exaut\u00f3crata <strong>Omar al-Bashir<\/strong> est\u00e1 retenido en un hospital militar, en su primera declaraci\u00f3n oficial sobre su paradero desde el inicio de los combates. Un ataque a la prisi\u00f3n donde el exmandatario y muchos de sus colaboradores estaban detenidos plante\u00f3 dudas sobre su paradero y denuncias sobre una presunta liberaci\u00f3n.<\/p>\n\n\n\n<p>Seg\u00fan el comunicado del ej\u00e9rcito, al-Bashir, el exministro de Defensa Abdel-Rahim Muhammad Hussein y otros exaltos cargos hab\u00edan sido trasladados al hospital militar Aliyaa antes del inicio de los combates.<\/p>\n\n\n\n<p>Fuente: <a href=\"https:\/\/www.eluniversal.com.mx\/mundo\/tenemos-miedo-de-lo-que-viene-dicen-habitantes-pese-al-cese-de-ataques-en-sudan\/\" data-type=\"URL\" data-id=\"https:\/\/www.eluniversal.com.mx\/mundo\/tenemos-miedo-de-lo-que-viene-dicen-habitantes-pese-al-cese-de-ataques-en-sudan\/\">El Universal<\/a><\/p>\n","protected":false},"excerpt":{"rendered":"<p>La capital de Sud\u00e1n, Jartum, y la ciudad vecina de Omdurm\u00e1n reportaron combates espor\u00e1dicos a primera hora de este mi\u00e9rcoles entre el ej\u00e9rcito y una fuerza paramilitar rival, pero con una menor intensidad en el segundo de los tres d\u00edas de tregua. Muchos residentes en la capital salieron de sus casas para buscar comida y [&hellip;]<\/p>\n","protected":false},"author":35,"featured_media":35194,"comment_status":"open","ping_status":"open","sticky":false,"template":"","format":"standard","meta":{"_monsterinsights_skip_tracking":false,"_monsterinsights_sitenote_active":false,"_monsterinsights_sitenote_note":"","_monsterinsights_sitenote_category":0,"footnotes":""},"categories":[181],"tags":[10916,11258,8272,8269],"class_list":["post-104554","post","type-post","status-publish","format-standard","has-post-thumbnail","hentry","category-internacional","tag-ataques","tag-cese","tag-habitantes","tag-sudan","wp-image-borders"],"amp_enabled":true,"_links":{"self":[{"href":"https:\/\/nvnoticias.mx\/index.php\/wp-json\/wp\/v2\/posts\/104554","targetHints":{"allow":["GET"]}}],"collection":[{"href":"https:\/\/nvnoticias.mx\/index.php\/wp-json\/wp\/v2\/posts"}],"about":[{"href":"https:\/\/nvnoticias.mx\/index.php\/wp-json\/wp\/v2\/types\/post"}],"author":[{"embeddable":true,"href":"https:\/\/nvnoticias.mx\/index.php\/wp-json\/wp\/v2\/users\/35"}],"replies":[{"embeddable":true,"href":"https:\/\/nvnoticias.mx\/index.php\/wp-json\/wp\/v2\/comments?post=104554"}],"version-history":[{"count":1,"href":"https:\/\/nvnoticias.mx\/index.php\/wp-json\/wp\/v2\/posts\/104554\/revisions"}],"predecessor-version":[{"id":104555,"href":"https:\/\/nvnoticias.mx\/index.php\/wp-json\/wp\/v2\/posts\/104554\/revisions\/104555"}],"wp:featuredmedia":[{"embeddable":true,"href":"https:\/\/nvnoticias.mx\/index.php\/wp-json\/wp\/v2\/media\/35194"}],"wp:attachment":[{"href":"https:\/\/nvnoticias.mx\/index.php\/wp-json\/wp\/v2\/media?parent=104554"}],"wp:term":[{"taxonomy":"category","embeddable":true,"href":"https:\/\/nvnoticias.mx\/index.php\/wp-json\/wp\/v2\/categories?post=104554"},{"taxonomy":"post_tag","embeddable":true,"href":"https:\/\/nvnoticias.mx\/index.php\/wp-json\/wp\/v2\/tags?post=104554"}],"curies":[{"name":"wp","href":"https:\/\/api.w.org\/{rel}","templated":true}]}}