{"id":10454,"date":"2021-04-09T14:04:23","date_gmt":"2021-04-09T19:04:23","guid":{"rendered":"https:\/\/nvnoticias.mx\/?p=10454"},"modified":"2021-04-09T14:04:24","modified_gmt":"2021-04-09T19:04:24","slug":"matan-con-sana-a-tlacuaches-y-ardillas-en-el-parque-zamora","status":"publish","type":"post","link":"https:\/\/nvnoticias.mx\/index.php\/2021\/04\/09\/matan-con-sana-a-tlacuaches-y-ardillas-en-el-parque-zamora\/","title":{"rendered":"Matan con sa\u00f1a a tlacuaches y ardillas en el parque Zamora"},"content":{"rendered":"\n<p><strong>Jes\u00fas Utrilla \/ NV Noticias<\/strong><\/p>\n\n\n\n<p>Veracruz.- Colgaron a un tlacuache en el parque Zamora, junto con la hembra hab\u00eda cinco cr\u00edas, pero adem\u00e1s mataron a varias ardillas.<\/p>\n\n\n\n<p>Felicitas Salto, elemento del Instituto de la Polic\u00eda Auxiliar y Protecci\u00f3n Patrimonial para el Estado de Veracruz (IPAX), denunci\u00f3 que cuando se dirig\u00eda al trabajo, se acerc\u00f3 y constat\u00f3 que las cr\u00edas estaban tiradas en el piso, por lo que tom\u00f3 fotograf\u00edas y las subio a su Facebook personal solicitando ayuda, pues habr\u00eda dos cr\u00edas a\u00fan con vida.<\/p>\n\n\n\n<p>La madre se encontraba colgada en una palmera.<\/p>\n\n\n\n<p>Diversos usuarios contestaron la publicaci\u00f3n en redes sociales y acudieron al auxilio, pero <strong>solo se pudo rescatar a una de las cr\u00edas, la cual a\u00fan estaba dentro de la bolsa de la madre<\/strong>.<\/p>\n\n\n\n<p>En el lugar se encontr\u00f3 que tambi\u00e9n mataron a varias ardillas por lo que ambientalistas solicitaron a las autoridades atender la situaci\u00f3n y garantizar la protecci\u00f3n de los animales que habitan en dicho parque.<\/p>\n\n\n\n<blockquote class=\"wp-block-quote is-layout-flow wp-block-quote-is-layout-flow\"><p>\u201cNada m\u00e1s alcanzaron a rescatar a uno, el otro falleci\u00f3, y ya despu\u00e9s sepultaron a la mam\u00e1, y me comenta la chica que mataron dos o tres ardillas y las hab\u00edan sepultado. S\u00ed da pena que hagan ese tipo de cosas porque son animalitos indefensos, y yo creeme que soy animalista, estoy en contra de la violencia en contra de los animalitos, porque pues no se pueden defender&#8221;, expres\u00f3.<\/p><\/blockquote>\n\n\n\n<p>La se\u00f1ora Felicitas, relat\u00f3 que el animal se encontraba amarrado de la cola a una palma del parque Zamora, adem\u00e1s, acus\u00f3 que la muerte fue violenta, pues ten\u00eda abierto su estomago.<\/p>\n\n\n\n<blockquote class=\"wp-block-quote is-layout-flow wp-block-quote-is-layout-flow\"><p>&#8220;Da tristeza, da tristeza este tipo de situaciones, pero la gente no entiende&#8221;.<\/p><\/blockquote>\n","protected":false},"excerpt":{"rendered":"<p>Jes\u00fas Utrilla \/ NV Noticias Veracruz.- Colgaron a un tlacuache en el parque Zamora, junto con la hembra hab\u00eda cinco cr\u00edas, pero adem\u00e1s mataron a varias ardillas. Felicitas Salto, elemento del Instituto de la Polic\u00eda Auxiliar y Protecci\u00f3n Patrimonial para el Estado de Veracruz (IPAX), denunci\u00f3 que cuando se dirig\u00eda al trabajo, se acerc\u00f3 y [&hellip;]<\/p>\n","protected":false},"author":6,"featured_media":10467,"comment_status":"open","ping_status":"open","sticky":false,"template":"","format":"standard","meta":{"_monsterinsights_skip_tracking":false,"_monsterinsights_sitenote_active":false,"_monsterinsights_sitenote_note":"","_monsterinsights_sitenote_category":0,"footnotes":""},"categories":[154],"tags":[2932,2933,2931],"class_list":["post-10454","post","type-post","status-publish","format-standard","has-post-thumbnail","hentry","category-veracruz","tag-ardillas","tag-parque-zamora","tag-tlacuaches","wp-image-borders"],"amp_enabled":true,"_links":{"self":[{"href":"https:\/\/nvnoticias.mx\/index.php\/wp-json\/wp\/v2\/posts\/10454","targetHints":{"allow":["GET"]}}],"collection":[{"href":"https:\/\/nvnoticias.mx\/index.php\/wp-json\/wp\/v2\/posts"}],"about":[{"href":"https:\/\/nvnoticias.mx\/index.php\/wp-json\/wp\/v2\/types\/post"}],"author":[{"embeddable":true,"href":"https:\/\/nvnoticias.mx\/index.php\/wp-json\/wp\/v2\/users\/6"}],"replies":[{"embeddable":true,"href":"https:\/\/nvnoticias.mx\/index.php\/wp-json\/wp\/v2\/comments?post=10454"}],"version-history":[{"count":1,"href":"https:\/\/nvnoticias.mx\/index.php\/wp-json\/wp\/v2\/posts\/10454\/revisions"}],"predecessor-version":[{"id":10455,"href":"https:\/\/nvnoticias.mx\/index.php\/wp-json\/wp\/v2\/posts\/10454\/revisions\/10455"}],"wp:featuredmedia":[{"embeddable":true,"href":"https:\/\/nvnoticias.mx\/index.php\/wp-json\/wp\/v2\/media\/10467"}],"wp:attachment":[{"href":"https:\/\/nvnoticias.mx\/index.php\/wp-json\/wp\/v2\/media?parent=10454"}],"wp:term":[{"taxonomy":"category","embeddable":true,"href":"https:\/\/nvnoticias.mx\/index.php\/wp-json\/wp\/v2\/categories?post=10454"},{"taxonomy":"post_tag","embeddable":true,"href":"https:\/\/nvnoticias.mx\/index.php\/wp-json\/wp\/v2\/tags?post=10454"}],"curies":[{"name":"wp","href":"https:\/\/api.w.org\/{rel}","templated":true}]}}