{"id":104504,"date":"2023-04-25T17:03:15","date_gmt":"2023-04-25T22:03:15","guid":{"rendered":"https:\/\/nvnoticias.mx\/?p=104504"},"modified":"2023-04-25T17:03:15","modified_gmt":"2023-04-25T22:03:15","slug":"manuel-urdapilleta-se-registro-como-candidato-a-rey-del-carnaval-de-veracruz-2023","status":"publish","type":"post","link":"https:\/\/nvnoticias.mx\/index.php\/2023\/04\/25\/manuel-urdapilleta-se-registro-como-candidato-a-rey-del-carnaval-de-veracruz-2023\/","title":{"rendered":"Manuel Urdapilleta se registr\u00f3 como candidato a Rey del Carnaval de Veracruz 2023"},"content":{"rendered":"\n<p><strong>Jes\u00fas Utrilla \/ NV Noticias <\/strong><\/p>\n\n\n\n<p>En medio de un  ambiente de algarab\u00eda, m\u00fasica y baile, se llev\u00f3 a cabo el registro de Manuel Alberto L\u00f3pez Urdapilleta como candidato a Rey del Carnaval de Veracruz 2023 \u201cEl m\u00e1s alegre del mundo\u201d que se llevar\u00e1 a cabo del 29 de junio al 5 de julio.<\/p>\n\n\n\n<p>El aspirante lleg\u00f3 a las oficinas del Comit\u00e9 acompa\u00f1ado de amigos, familiares, comparsas y batucadas, as\u00ed como de Miriam Carballo Gallardo, quien fungir\u00e1 como su representante ante el Comit\u00e9 de Carnaval 2023; por lo que tras haber cumplido con los requisitos contemplados en la convocatoria, Manuel Urdapilleta, qued\u00f3 registrado formalmente.<\/p>\n\n\n\n<p>Manuel Urdapilleta se identificar\u00e1 con el distintivo azul, cuenta con 31 a\u00f1os de edad y es oriundo de esta ciudad de Veracruz. Por su parte el presidente del Comit\u00e9 Organizador del Carnaval, Luis Antonio P\u00e9rez Fraga inform\u00f3 que ya cuentan con 10 candidatos en general.<\/p>\n\n\n\n<p>Hay 3 j\u00f3venes interesadas en ser reinas, una de ellas representa las colonias de Veracruz.<\/p>\n\n\n\n<p>Pese a lo anterior, a\u00fan no tienen a ninguna joven candidata inscrita oficialmente para reina del Carnaval, sin embargo dijo que hay una joven representante de las colonias de Veracruz que se inscribir\u00e1 pr\u00f3ximamente.<\/p>\n\n\n\n<p>A\u00fan sin la presencia oficial de una candidata a reina, en muchos a\u00f1os no hab\u00eda visto la participaci\u00f3n de tantos hombres para ser rey de la alegr\u00eda, por lo que celebr\u00f3 el inter\u00e9s de los j\u00f3venes.<\/p>\n","protected":false},"excerpt":{"rendered":"<p>Jes\u00fas Utrilla \/ NV Noticias En medio de un ambiente de algarab\u00eda, m\u00fasica y baile, se llev\u00f3 a cabo el registro de Manuel Alberto L\u00f3pez Urdapilleta como candidato a Rey del Carnaval de Veracruz 2023 \u201cEl m\u00e1s alegre del mundo\u201d que se llevar\u00e1 a cabo del 29 de junio al 5 de julio. El aspirante [&hellip;]<\/p>\n","protected":false},"author":8,"featured_media":104506,"comment_status":"open","ping_status":"open","sticky":false,"template":"","format":"standard","meta":{"_monsterinsights_skip_tracking":false,"_monsterinsights_sitenote_active":false,"_monsterinsights_sitenote_note":"","_monsterinsights_sitenote_category":0,"footnotes":""},"categories":[154],"tags":[1138,24802],"class_list":["post-104504","post","type-post","status-publish","format-standard","has-post-thumbnail","hentry","category-veracruz","tag-carnaval-de-veracruz","tag-manuel-urdapilleta","wp-image-borders"],"amp_enabled":true,"_links":{"self":[{"href":"https:\/\/nvnoticias.mx\/index.php\/wp-json\/wp\/v2\/posts\/104504","targetHints":{"allow":["GET"]}}],"collection":[{"href":"https:\/\/nvnoticias.mx\/index.php\/wp-json\/wp\/v2\/posts"}],"about":[{"href":"https:\/\/nvnoticias.mx\/index.php\/wp-json\/wp\/v2\/types\/post"}],"author":[{"embeddable":true,"href":"https:\/\/nvnoticias.mx\/index.php\/wp-json\/wp\/v2\/users\/8"}],"replies":[{"embeddable":true,"href":"https:\/\/nvnoticias.mx\/index.php\/wp-json\/wp\/v2\/comments?post=104504"}],"version-history":[{"count":1,"href":"https:\/\/nvnoticias.mx\/index.php\/wp-json\/wp\/v2\/posts\/104504\/revisions"}],"predecessor-version":[{"id":104507,"href":"https:\/\/nvnoticias.mx\/index.php\/wp-json\/wp\/v2\/posts\/104504\/revisions\/104507"}],"wp:featuredmedia":[{"embeddable":true,"href":"https:\/\/nvnoticias.mx\/index.php\/wp-json\/wp\/v2\/media\/104506"}],"wp:attachment":[{"href":"https:\/\/nvnoticias.mx\/index.php\/wp-json\/wp\/v2\/media?parent=104504"}],"wp:term":[{"taxonomy":"category","embeddable":true,"href":"https:\/\/nvnoticias.mx\/index.php\/wp-json\/wp\/v2\/categories?post=104504"},{"taxonomy":"post_tag","embeddable":true,"href":"https:\/\/nvnoticias.mx\/index.php\/wp-json\/wp\/v2\/tags?post=104504"}],"curies":[{"name":"wp","href":"https:\/\/api.w.org\/{rel}","templated":true}]}}