{"id":104439,"date":"2023-04-25T13:24:26","date_gmt":"2023-04-25T18:24:26","guid":{"rendered":"https:\/\/nvnoticias.mx\/?p=104439"},"modified":"2023-04-25T13:24:27","modified_gmt":"2023-04-25T18:24:27","slug":"en-lugar-de-desfile-del-dia-del-trabajo-sera-concentracion-masiva-en-el-malecon-de-veracruz","status":"publish","type":"post","link":"https:\/\/nvnoticias.mx\/index.php\/2023\/04\/25\/en-lugar-de-desfile-del-dia-del-trabajo-sera-concentracion-masiva-en-el-malecon-de-veracruz\/","title":{"rendered":"En lugar de desfile del D\u00eda del Trabajo ser\u00e1 concentraci\u00f3n masiva en el malec\u00f3n de Veracruz"},"content":{"rendered":"\n<p><strong>Jes\u00fas Utrilla \/ NV Noticias <\/strong><\/p>\n\n\n\n<p>Para conmemorar el D\u00eda del Trabajo, agrupaciones sindicales realizar\u00e1n el 1 de mayo una concentraci\u00f3n masiva en la macroplaza del malec\u00f3n.<\/p>\n\n\n\n<p>Participar\u00e1n trabajadores de diferentes agrupaciones gremiales en lugar de desfilar por calles de la ciudad de Veracruz.<\/p>\n\n\n\n<p>Leonel P\u00e9rez Herrera, presidente del Congreso del Trabajo, dijo que el cambio de formato fue para simplificar los tiempos y llevar a cabo pronunciamientos concretos con los reclamos de los trabajadores de M\u00e9xico.<\/p>\n\n\n\n<blockquote class=\"wp-block-quote is-layout-flow wp-block-quote-is-layout-flow\"><p>\u201c<em>Nos ten\u00edan ah\u00ed desde las 6 de la ma\u00f1ana haciendo una fila muy larga en el inicio de Independencia. La gente estaba esperando horas para poder salir a la marcha que pasaba por 5 de Mayo daba la vuelta y acababa en Independencia y hab\u00eda organizaciones que sal\u00edan a las 8 de la ma\u00f1ana y otras a la 1 de la tarde y hab\u00eda conatos de quienes quer\u00edan salir primero\u201d. <\/em><\/p><\/blockquote>\n\n\n\n<p>P\u00e9rez Herrera se\u00f1al\u00f3 que el cambio de formato era una petici\u00f3n a\u00f1eja. <\/p>\n\n\n\n<p>Ahora con la concentraci\u00f3n masiva se espera mostrar la fuerza gremial de los trabajares organizados.<\/p>\n\n\n\n<blockquote class=\"wp-block-quote is-layout-flow wp-block-quote-is-layout-flow\"><p>\u201c<em>Tendremos ah\u00ed a todas las autoridades municipales, estatales, federales, invitados del rubro del trabajo y poderes como diputados aliados y sindicatos patronales. Estamos esperando entre 8 y 10 mil trabajadores\u201d.<\/em><\/p><\/blockquote>\n\n\n\n<p>Se contempla la participaci\u00f3n de 128 organizaciones sindicales con diferentes vol\u00famenes de contingente.<\/p>\n\n\n\n<p>El evento ser\u00e1 a las 8 de la ma\u00f1ana en la macroplaza del malec\u00f3n.<\/p>\n","protected":false},"excerpt":{"rendered":"<p>Jes\u00fas Utrilla \/ NV Noticias Para conmemorar el D\u00eda del Trabajo, agrupaciones sindicales realizar\u00e1n el 1 de mayo una concentraci\u00f3n masiva en la macroplaza del malec\u00f3n. Participar\u00e1n trabajadores de diferentes agrupaciones gremiales en lugar de desfilar por calles de la ciudad de Veracruz. Leonel P\u00e9rez Herrera, presidente del Congreso del Trabajo, dijo que el cambio [&hellip;]<\/p>\n","protected":false},"author":8,"featured_media":104440,"comment_status":"open","ping_status":"open","sticky":false,"template":"","format":"standard","meta":{"_monsterinsights_skip_tracking":false,"_monsterinsights_sitenote_active":false,"_monsterinsights_sitenote_note":"","_monsterinsights_sitenote_category":0,"footnotes":""},"categories":[154],"tags":[3343,3345],"class_list":["post-104439","post","type-post","status-publish","format-standard","has-post-thumbnail","hentry","category-veracruz","tag-1-de-mayo","tag-desfile","wp-image-borders"],"amp_enabled":true,"_links":{"self":[{"href":"https:\/\/nvnoticias.mx\/index.php\/wp-json\/wp\/v2\/posts\/104439","targetHints":{"allow":["GET"]}}],"collection":[{"href":"https:\/\/nvnoticias.mx\/index.php\/wp-json\/wp\/v2\/posts"}],"about":[{"href":"https:\/\/nvnoticias.mx\/index.php\/wp-json\/wp\/v2\/types\/post"}],"author":[{"embeddable":true,"href":"https:\/\/nvnoticias.mx\/index.php\/wp-json\/wp\/v2\/users\/8"}],"replies":[{"embeddable":true,"href":"https:\/\/nvnoticias.mx\/index.php\/wp-json\/wp\/v2\/comments?post=104439"}],"version-history":[{"count":1,"href":"https:\/\/nvnoticias.mx\/index.php\/wp-json\/wp\/v2\/posts\/104439\/revisions"}],"predecessor-version":[{"id":104441,"href":"https:\/\/nvnoticias.mx\/index.php\/wp-json\/wp\/v2\/posts\/104439\/revisions\/104441"}],"wp:featuredmedia":[{"embeddable":true,"href":"https:\/\/nvnoticias.mx\/index.php\/wp-json\/wp\/v2\/media\/104440"}],"wp:attachment":[{"href":"https:\/\/nvnoticias.mx\/index.php\/wp-json\/wp\/v2\/media?parent=104439"}],"wp:term":[{"taxonomy":"category","embeddable":true,"href":"https:\/\/nvnoticias.mx\/index.php\/wp-json\/wp\/v2\/categories?post=104439"},{"taxonomy":"post_tag","embeddable":true,"href":"https:\/\/nvnoticias.mx\/index.php\/wp-json\/wp\/v2\/tags?post=104439"}],"curies":[{"name":"wp","href":"https:\/\/api.w.org\/{rel}","templated":true}]}}