{"id":104385,"date":"2023-04-25T11:27:16","date_gmt":"2023-04-25T16:27:16","guid":{"rendered":"https:\/\/nvnoticias.mx\/?p=104385"},"modified":"2023-04-25T11:27:47","modified_gmt":"2023-04-25T16:27:47","slug":"acude-francisco-garduno-a-audiencia-de-imputacion-por-muerte-de-40-migrantes","status":"publish","type":"post","link":"https:\/\/nvnoticias.mx\/index.php\/2023\/04\/25\/acude-francisco-garduno-a-audiencia-de-imputacion-por-muerte-de-40-migrantes\/","title":{"rendered":"Acude Francisco Gardu\u00f1o a audiencia de imputaci\u00f3n por muerte de 40 migrantes"},"content":{"rendered":"\n<p>El comisionado del\u00a0<strong>Instituto Nacional de Migraci\u00f3n<\/strong>\u00a0(INM) acudi\u00f3 este martes a la audiencia de imputaci\u00f3n a proceso por el<strong>\u00a0incendio en la estaci\u00f3n<\/strong>\u00a0provisional en <strong>Ciudad Ju\u00e1rez,<\/strong>\u00a0que dej\u00f3 27 lesionados y 40 muertos.<\/p>\n\n\n\n<p>La audiencia est\u00e1 programada para iniciar a las 09:15 horas en el Centro de Justicia Penal Federal de Ciudad Ju\u00e1rez, hasta donde lleg\u00f3 el funcionario federal durante la ma\u00f1ana de este martes.<\/p>\n\n\n\n<p>El titular a nivel nacional del INM forma parte de los acusados del&nbsp;<strong>incendio<\/strong>, as\u00ed como tambi\u00e9n por el&nbsp;<strong>ejercicio indebido<\/strong>&nbsp;del servicio p\u00fablico.<\/p>\n\n\n\n<p><\/p>\n\n\n\n<p>La audiencia fue suspendida el pasado viernes 21 de abril, debido que la defensa argument\u00f3 que ese mismo d\u00eda hab\u00eda recibido la carpeta de investigaci\u00f3nPUBLICIDAD<\/p>\n\n\n\n<p>Seg\u00fan se dijo, la defensa de Gardu\u00f1o buscar\u00e1 este d\u00eda demostrarle al juez el trabajo realizado en las estaciones del INM en Ciudad Ju\u00e1rez as\u00ed como en el resto del pa\u00eds.<\/p>\n\n\n\n<p>Fuente:<a href=\"https:\/\/www.eluniversal.com.mx\/estados\/francisco-garduno-acude-a-audiencia-de-imputacion-por-muerte-de-40-migrantes\/\" data-type=\"URL\" data-id=\"https:\/\/www.eluniversal.com.mx\/estados\/francisco-garduno-acude-a-audiencia-de-imputacion-por-muerte-de-40-migrantes\/\"> El Universal<\/a> <\/p>\n","protected":false},"excerpt":{"rendered":"<p>El comisionado del\u00a0Instituto Nacional de Migraci\u00f3n\u00a0(INM) acudi\u00f3 este martes a la audiencia de imputaci\u00f3n a proceso por el\u00a0incendio en la estaci\u00f3n\u00a0provisional en Ciudad Ju\u00e1rez,\u00a0que dej\u00f3 27 lesionados y 40 muertos. La audiencia est\u00e1 programada para iniciar a las 09:15 horas en el Centro de Justicia Penal Federal de Ciudad Ju\u00e1rez, hasta donde lleg\u00f3 el funcionario [&hellip;]<\/p>\n","protected":false},"author":35,"featured_media":102230,"comment_status":"open","ping_status":"open","sticky":false,"template":"","format":"standard","meta":{"_monsterinsights_skip_tracking":false,"_monsterinsights_sitenote_active":false,"_monsterinsights_sitenote_note":"","_monsterinsights_sitenote_category":0,"footnotes":""},"categories":[158],"tags":[12685,3090,16607,452,311],"class_list":["post-104385","post","type-post","status-publish","format-standard","has-post-thumbnail","hentry","category-politica","tag-acude","tag-audiencia","tag-francisco-garduno","tag-migrantes","tag-muerte","wp-image-borders"],"amp_enabled":true,"_links":{"self":[{"href":"https:\/\/nvnoticias.mx\/index.php\/wp-json\/wp\/v2\/posts\/104385","targetHints":{"allow":["GET"]}}],"collection":[{"href":"https:\/\/nvnoticias.mx\/index.php\/wp-json\/wp\/v2\/posts"}],"about":[{"href":"https:\/\/nvnoticias.mx\/index.php\/wp-json\/wp\/v2\/types\/post"}],"author":[{"embeddable":true,"href":"https:\/\/nvnoticias.mx\/index.php\/wp-json\/wp\/v2\/users\/35"}],"replies":[{"embeddable":true,"href":"https:\/\/nvnoticias.mx\/index.php\/wp-json\/wp\/v2\/comments?post=104385"}],"version-history":[{"count":3,"href":"https:\/\/nvnoticias.mx\/index.php\/wp-json\/wp\/v2\/posts\/104385\/revisions"}],"predecessor-version":[{"id":104388,"href":"https:\/\/nvnoticias.mx\/index.php\/wp-json\/wp\/v2\/posts\/104385\/revisions\/104388"}],"wp:featuredmedia":[{"embeddable":true,"href":"https:\/\/nvnoticias.mx\/index.php\/wp-json\/wp\/v2\/media\/102230"}],"wp:attachment":[{"href":"https:\/\/nvnoticias.mx\/index.php\/wp-json\/wp\/v2\/media?parent=104385"}],"wp:term":[{"taxonomy":"category","embeddable":true,"href":"https:\/\/nvnoticias.mx\/index.php\/wp-json\/wp\/v2\/categories?post=104385"},{"taxonomy":"post_tag","embeddable":true,"href":"https:\/\/nvnoticias.mx\/index.php\/wp-json\/wp\/v2\/tags?post=104385"}],"curies":[{"name":"wp","href":"https:\/\/api.w.org\/{rel}","templated":true}]}}