{"id":104368,"date":"2023-04-25T10:29:22","date_gmt":"2023-04-25T15:29:22","guid":{"rendered":"https:\/\/nvnoticias.mx\/?p=104368"},"modified":"2023-04-25T10:29:23","modified_gmt":"2023-04-25T15:29:23","slug":"anuncia-biden-candidatura-y-pide-apoyo-para-terminar-el-trabajo","status":"publish","type":"post","link":"https:\/\/nvnoticias.mx\/index.php\/2023\/04\/25\/anuncia-biden-candidatura-y-pide-apoyo-para-terminar-el-trabajo\/","title":{"rendered":"Anuncia Biden candidatura y pide apoyo para &#8220;terminar el trabajo&#8221;"},"content":{"rendered":"\n<p>El presidente de los\u00a0Estados Unidos, Joe Biden,\u00a0<strong>anunci\u00f3 formalmente su candidatura<\/strong>\u00a0para las elecciones primarias en camino a las presidenciales del 2024.<\/p>\n\n\n\n<p>Con una mezcla de preocupaci\u00f3n y optimismo, lanz\u00f3 a primeras horas del martes su campa\u00f1a para continuar como ocupante de la Casa Blanca, advirtiendo a los votantes estadunidenses&nbsp;<strong>qu<\/strong><strong>e se requieren cuatro a\u00f1os m\u00e1s para \u201cterminar el trabajo\u201d&nbsp;<\/strong>de neutralizar la amenaza democr\u00e1tica que representan Donald Trump y sus simpatizantes ultraconservadores .<\/p>\n\n\n\n<p>Despu\u00e9s de meses de especulaciones, Biden confirm\u00f3 que aspirar\u00e1 por\u00a0<strong>la candidatura del partido dem\u00f3crata por segunda ocasi\u00f3n<\/strong>\u00a0abriendo la puerta a que se repitan las elecciones del 2020 cuando compiti\u00f3 contra Trump.<\/p>\n\n\n\n<p>La entonces posible candidatura de Biden ha recibido varias cr\u00edticas por parte de simpatizantes del partido dem\u00f3crata quienes han mencionado que\u00a0<strong>preferir\u00edan<\/strong>\u00a0un candidato m\u00e1s joven\u00a0<strong>para &#8220;el trabajo m\u00e1s estresante del mundo<\/strong>&#8220;.<\/p>\n\n\n\n<p>Incluso, el presidente, que en caso de que ganara\u00a0las elecciones nuevamente terminar\u00eda su segundo periodo presidencial con 86 a\u00f1os de edad,\u00a0<strong>se ha sometido a<\/strong>\u00a0revisiones m\u00e9dicas\u00a0<strong>que lo han catalogado como &#8220;apto para el trabajo&#8221;.<\/strong><\/p>\n\n\n\n<p>Sin embargo, pese a las cr\u00edticas, adem\u00e1s del presidente, nadie m\u00e1s ha presentado su postulaci\u00f3n en el partido dem\u00f3crata.<\/p>\n\n\n\n<h2 class=\"wp-block-heading\">En video, Biden pide defender la democracia<\/h2>\n\n\n\n<p>En un video-anuncio de 3 minutos de duraci\u00f3n, Biden&nbsp;<strong>dibuj\u00f3 a Estados Unidos como un pa\u00eds amenazado por Trump&nbsp;<\/strong>y sus fuerzas reaccionarias que buscan despojar a los estadunidenses de sus pagos de seguro social, de las protecciones de acceso a la salud, del derecho al voto y al aborto, y de sus libertades pol\u00edticas m\u00e1s fundamentales.<\/p>\n\n\n\n<blockquote class=\"wp-block-quote is-layout-flow wp-block-quote-is-layout-flow\"><p>\u201cQuieren prohibir libros y dictarles a las personas a quien deben amar\u201d, advierte Biden.<\/p><\/blockquote>\n\n\n\n<blockquote class=\"wp-block-quote is-layout-flow wp-block-quote-is-layout-flow\"><p>\u201cCada generaci\u00f3n de estadunidenses se ha enfrentado a un momento en el que han tenido que defender la democracia, defender nuestras libertades personales y defender nuestro derecho al voto y nuestros derechos civiles&#8230; Terminemos el trabajo\u201d, sostiene.<\/p><\/blockquote>\n\n\n\n<p>Fuente: <a href=\"https:\/\/www.milenio.com\/internacional\/biden-va-a-reelegirse-en-2024-como-presidente-de-eu\" data-type=\"URL\" data-id=\"https:\/\/www.milenio.com\/internacional\/biden-va-a-reelegirse-en-2024-como-presidente-de-eu\">Milenio<\/a> <\/p>\n","protected":false},"excerpt":{"rendered":"<p>El presidente de los\u00a0Estados Unidos, Joe Biden,\u00a0anunci\u00f3 formalmente su candidatura\u00a0para las elecciones primarias en camino a las presidenciales del 2024. Con una mezcla de preocupaci\u00f3n y optimismo, lanz\u00f3 a primeras horas del martes su campa\u00f1a para continuar como ocupante de la Casa Blanca, advirtiendo a los votantes estadunidenses&nbsp;que se requieren cuatro a\u00f1os m\u00e1s para \u201cterminar [&hellip;]<\/p>\n","protected":false},"author":35,"featured_media":20901,"comment_status":"open","ping_status":"open","sticky":false,"template":"","format":"standard","meta":{"_monsterinsights_skip_tracking":false,"_monsterinsights_sitenote_active":false,"_monsterinsights_sitenote_note":"","_monsterinsights_sitenote_category":0,"footnotes":""},"categories":[181],"tags":[7791,1975,183,182,162],"class_list":["post-104368","post","type-post","status-publish","format-standard","has-post-thumbnail","hentry","category-internacional","tag-anuncia","tag-candidatura","tag-estados-unidos","tag-joe-biden","tag-portada","wp-image-borders"],"amp_enabled":true,"_links":{"self":[{"href":"https:\/\/nvnoticias.mx\/index.php\/wp-json\/wp\/v2\/posts\/104368","targetHints":{"allow":["GET"]}}],"collection":[{"href":"https:\/\/nvnoticias.mx\/index.php\/wp-json\/wp\/v2\/posts"}],"about":[{"href":"https:\/\/nvnoticias.mx\/index.php\/wp-json\/wp\/v2\/types\/post"}],"author":[{"embeddable":true,"href":"https:\/\/nvnoticias.mx\/index.php\/wp-json\/wp\/v2\/users\/35"}],"replies":[{"embeddable":true,"href":"https:\/\/nvnoticias.mx\/index.php\/wp-json\/wp\/v2\/comments?post=104368"}],"version-history":[{"count":3,"href":"https:\/\/nvnoticias.mx\/index.php\/wp-json\/wp\/v2\/posts\/104368\/revisions"}],"predecessor-version":[{"id":104371,"href":"https:\/\/nvnoticias.mx\/index.php\/wp-json\/wp\/v2\/posts\/104368\/revisions\/104371"}],"wp:featuredmedia":[{"embeddable":true,"href":"https:\/\/nvnoticias.mx\/index.php\/wp-json\/wp\/v2\/media\/20901"}],"wp:attachment":[{"href":"https:\/\/nvnoticias.mx\/index.php\/wp-json\/wp\/v2\/media?parent=104368"}],"wp:term":[{"taxonomy":"category","embeddable":true,"href":"https:\/\/nvnoticias.mx\/index.php\/wp-json\/wp\/v2\/categories?post=104368"},{"taxonomy":"post_tag","embeddable":true,"href":"https:\/\/nvnoticias.mx\/index.php\/wp-json\/wp\/v2\/tags?post=104368"}],"curies":[{"name":"wp","href":"https:\/\/api.w.org\/{rel}","templated":true}]}}