{"id":104355,"date":"2023-04-24T19:34:00","date_gmt":"2023-04-25T00:34:00","guid":{"rendered":"https:\/\/nvnoticias.mx\/?p=104355"},"modified":"2023-04-24T22:37:16","modified_gmt":"2023-04-25T03:37:16","slug":"ministra-de-la-corte-rechaza-que-inai-pueda-sesionar-sin-integracion-de-su-pleno","status":"publish","type":"post","link":"https:\/\/nvnoticias.mx\/index.php\/2023\/04\/24\/ministra-de-la-corte-rechaza-que-inai-pueda-sesionar-sin-integracion-de-su-pleno\/","title":{"rendered":"Ministra de la Corte rechaza que INAI pueda sesionar sin integraci\u00f3n de su pleno"},"content":{"rendered":"\n<p>El Instituto Nacional de Transparencia, Acceso a la Informaci\u00f3n y Protecci\u00f3n de Datos Personales (INAI) no podr\u00e1 sesionar ni tomar determinaciones\u00a0sin la integraci\u00f3n total de su pleno, porque Loretta Ortiz Ahfl, ministra de la Suprema Corte de Justicia de la Naci\u00f3n (SCJN), rechaz\u00f3 concederle una suspensi\u00f3n.<\/p>\n\n\n\n<p>La ministra admiti\u00f3 a tr\u00e1mite la controversia constitucional promovida por el organismo, pero neg\u00f3 la medida cautelar solicitada, a trav\u00e9s de la cual solicitaron que se les permitiera seguir sesionando con cuatro de siete comisionados.<\/p>\n\n\n\n<p>Lo anterior, mientras se llevan a cabo la integraci\u00f3n de su pleno: No obstante, su petici\u00f3n no fue aceptada por la ministra.En la controversia, el INAI impugn\u00f3 la falta de acciones de los poderes Ejecutivo y Legislativo para cumplir con los nombramientos de los tres comisionados faltantes<\/p>\n\n\n\n<p>Fuente: <a href=\"https:\/\/www.milenio.com\/policia\/ministra-corte-rechaza-inai-sesionar-pleno\">Milenio <\/a><\/p>\n","protected":false},"excerpt":{"rendered":"<p>El Instituto Nacional de Transparencia, Acceso a la Informaci\u00f3n y Protecci\u00f3n de Datos Personales (INAI) no podr\u00e1 sesionar ni tomar determinaciones\u00a0sin la integraci\u00f3n total de su pleno, porque Loretta Ortiz Ahfl, ministra de la Suprema Corte de Justicia de la Naci\u00f3n (SCJN), rechaz\u00f3 concederle una suspensi\u00f3n. La ministra admiti\u00f3 a tr\u00e1mite la controversia constitucional promovida [&hellip;]<\/p>\n","protected":false},"author":8,"featured_media":44262,"comment_status":"open","ping_status":"open","sticky":false,"template":"","format":"standard","meta":{"_monsterinsights_skip_tracking":false,"_monsterinsights_sitenote_active":false,"_monsterinsights_sitenote_note":"","_monsterinsights_sitenote_category":0,"footnotes":""},"categories":[157],"tags":[355,162,3194],"class_list":["post-104355","post","type-post","status-publish","format-standard","has-post-thumbnail","hentry","category-nacional","tag-inai","tag-portada","tag-scjn","wp-image-borders"],"amp_enabled":true,"_links":{"self":[{"href":"https:\/\/nvnoticias.mx\/index.php\/wp-json\/wp\/v2\/posts\/104355","targetHints":{"allow":["GET"]}}],"collection":[{"href":"https:\/\/nvnoticias.mx\/index.php\/wp-json\/wp\/v2\/posts"}],"about":[{"href":"https:\/\/nvnoticias.mx\/index.php\/wp-json\/wp\/v2\/types\/post"}],"author":[{"embeddable":true,"href":"https:\/\/nvnoticias.mx\/index.php\/wp-json\/wp\/v2\/users\/8"}],"replies":[{"embeddable":true,"href":"https:\/\/nvnoticias.mx\/index.php\/wp-json\/wp\/v2\/comments?post=104355"}],"version-history":[{"count":1,"href":"https:\/\/nvnoticias.mx\/index.php\/wp-json\/wp\/v2\/posts\/104355\/revisions"}],"predecessor-version":[{"id":104356,"href":"https:\/\/nvnoticias.mx\/index.php\/wp-json\/wp\/v2\/posts\/104355\/revisions\/104356"}],"wp:featuredmedia":[{"embeddable":true,"href":"https:\/\/nvnoticias.mx\/index.php\/wp-json\/wp\/v2\/media\/44262"}],"wp:attachment":[{"href":"https:\/\/nvnoticias.mx\/index.php\/wp-json\/wp\/v2\/media?parent=104355"}],"wp:term":[{"taxonomy":"category","embeddable":true,"href":"https:\/\/nvnoticias.mx\/index.php\/wp-json\/wp\/v2\/categories?post=104355"},{"taxonomy":"post_tag","embeddable":true,"href":"https:\/\/nvnoticias.mx\/index.php\/wp-json\/wp\/v2\/tags?post=104355"}],"curies":[{"name":"wp","href":"https:\/\/api.w.org\/{rel}","templated":true}]}}