{"id":104335,"date":"2023-04-24T15:44:13","date_gmt":"2023-04-24T20:44:13","guid":{"rendered":"https:\/\/nvnoticias.mx\/?p=104335"},"modified":"2023-04-24T15:44:14","modified_gmt":"2023-04-24T20:44:14","slug":"toda-la-semana-habra-rumbatas-de-registro-a-reyes-de-carnaval","status":"publish","type":"post","link":"https:\/\/nvnoticias.mx\/index.php\/2023\/04\/24\/toda-la-semana-habra-rumbatas-de-registro-a-reyes-de-carnaval\/","title":{"rendered":"Toda la semana habr\u00e1  rumbatas de registro a reyes de Carnaval"},"content":{"rendered":"\n<p><strong>Jes\u00fas Utrilla \/ NV Noticias <\/strong><\/p>\n\n\n\n<p>A partir de esta semana comenzaron los papaquis de los candidatos a rey y reina infantil del Carnaval de Veracruz 2023.<\/p>\n\n\n\n<p>Este lunes 24 de abril fue la inscripci\u00f3n de Israel Lucio Rodr\u00edguez, candidato a Rey de la Alegr\u00eda por el distintivo guinda.<\/p>\n\n\n\n<p>Tambi\u00e9n Daniela Rivera realiz\u00f3 su papaqui partiendo del Tranv\u00eda al Z\u00f3calo del puerto de Veracruz. Ella busca ser Reina Infantil por el distintivo rosa. <\/p>\n\n\n\n<p>En medio de un gran ambiente de batucada, este lunes se llev\u00f3 a cabo el registro oficial de Israel Lucio Rodr\u00edguez \u201cPachi Pompotas\u201d como candidato a Rey del Carnaval de Veracruz 2023 &#8220;El m\u00e1s alegre del mundo&#8221;, mismo que tendr\u00e1 efecto del 29 de junio al 5 de julio.<\/p>\n\n\n\n<p>Posterior a un desfile por la avenida Independencia y enmarcado por las porras de familiares y amistades, as\u00ed como por el ritmo de batucadas, \u201cPachi Pompotas\u201d lleg\u00f3 a este registro acompa\u00f1ado de Nayeli Prado Dur\u00e1n, quien ser\u00e1 su representante ante el Comit\u00e9 Organizador.<\/p>\n\n\n\n<p>Tras haber reunido los requisitos establecidos en la convocatoria, Israel Lucio Rodr\u00edguez \u201cPachi Pompotas\u201d qued\u00f3 formalmente registrado con el distintivo guinda en una ceremonia encabezada por el presidente del Comit\u00e9 Organizador, Luis Antonio P\u00e9rez Fraga, quien a nombre de la alcaldesa Paty Lobeira de Yunes, lo felicit\u00f3 y lo invit\u00f3 a trabajar con entusiasmo en esta carrera por la corona de Rey de la Alegr\u00eda.<\/p>\n\n\n\n<p>Para el martes 25 de abril se registrar\u00e1 Manuel Urdapilleta, candidato a Rey de la Alegr\u00eda por el distintivo azul, har\u00e1 su papaqui a las 11:00 de la ma\u00f1ana saliendo del Tranv\u00eda al Z\u00f3calo porte\u00f1o.<\/p>\n","protected":false},"excerpt":{"rendered":"<p>Jes\u00fas Utrilla \/ NV Noticias A partir de esta semana comenzaron los papaquis de los candidatos a rey y reina infantil del Carnaval de Veracruz 2023. Este lunes 24 de abril fue la inscripci\u00f3n de Israel Lucio Rodr\u00edguez, candidato a Rey de la Alegr\u00eda por el distintivo guinda. Tambi\u00e9n Daniela Rivera realiz\u00f3 su papaqui partiendo [&hellip;]<\/p>\n","protected":false},"author":8,"featured_media":104337,"comment_status":"open","ping_status":"open","sticky":false,"template":"","format":"standard","meta":{"_monsterinsights_skip_tracking":false,"_monsterinsights_sitenote_active":false,"_monsterinsights_sitenote_note":"","_monsterinsights_sitenote_category":0,"footnotes":""},"categories":[154],"tags":[1138,24387,180],"class_list":["post-104335","post","type-post","status-publish","format-standard","has-post-thumbnail","hentry","category-veracruz","tag-carnaval-de-veracruz","tag-rumbatas","tag-veracruz","wp-image-borders"],"amp_enabled":true,"_links":{"self":[{"href":"https:\/\/nvnoticias.mx\/index.php\/wp-json\/wp\/v2\/posts\/104335","targetHints":{"allow":["GET"]}}],"collection":[{"href":"https:\/\/nvnoticias.mx\/index.php\/wp-json\/wp\/v2\/posts"}],"about":[{"href":"https:\/\/nvnoticias.mx\/index.php\/wp-json\/wp\/v2\/types\/post"}],"author":[{"embeddable":true,"href":"https:\/\/nvnoticias.mx\/index.php\/wp-json\/wp\/v2\/users\/8"}],"replies":[{"embeddable":true,"href":"https:\/\/nvnoticias.mx\/index.php\/wp-json\/wp\/v2\/comments?post=104335"}],"version-history":[{"count":1,"href":"https:\/\/nvnoticias.mx\/index.php\/wp-json\/wp\/v2\/posts\/104335\/revisions"}],"predecessor-version":[{"id":104338,"href":"https:\/\/nvnoticias.mx\/index.php\/wp-json\/wp\/v2\/posts\/104335\/revisions\/104338"}],"wp:featuredmedia":[{"embeddable":true,"href":"https:\/\/nvnoticias.mx\/index.php\/wp-json\/wp\/v2\/media\/104337"}],"wp:attachment":[{"href":"https:\/\/nvnoticias.mx\/index.php\/wp-json\/wp\/v2\/media?parent=104335"}],"wp:term":[{"taxonomy":"category","embeddable":true,"href":"https:\/\/nvnoticias.mx\/index.php\/wp-json\/wp\/v2\/categories?post=104335"},{"taxonomy":"post_tag","embeddable":true,"href":"https:\/\/nvnoticias.mx\/index.php\/wp-json\/wp\/v2\/tags?post=104335"}],"curies":[{"name":"wp","href":"https:\/\/api.w.org\/{rel}","templated":true}]}}