{"id":104328,"date":"2023-04-24T15:12:15","date_gmt":"2023-04-24T20:12:15","guid":{"rendered":"https:\/\/nvnoticias.mx\/?p=104328"},"modified":"2023-04-24T15:12:17","modified_gmt":"2023-04-24T20:12:17","slug":"siguen-las-labores-de-retiro-del-buque-guanajuato-en-plaza-banderas","status":"publish","type":"post","link":"https:\/\/nvnoticias.mx\/index.php\/2023\/04\/24\/siguen-las-labores-de-retiro-del-buque-guanajuato-en-plaza-banderas\/","title":{"rendered":"Siguen las labores de retiro del buque Guanajuato en Plaza Banderas"},"content":{"rendered":"\n<p><strong>Jes\u00fas Utrilla \/ NV Noticias <\/strong><\/p>\n\n\n\n<p>Una vez retirado el buque Guanajuato, continuar\u00e1 el embellecimiento del centro de Boca del R\u00edo y se le dar\u00e1 movimiento a la cabecera municipal continuando con las obras proyectadas en plaza Banderas, dijo el alcalde, Juan Manuel de Un\u00e1nue Abascal. <\/p>\n\n\n\n<p>Record\u00f3 que las autoridades estatales llevan a cabo el desguace y retiro de la embarcaci\u00f3n. Una vez que concluyan iniciar\u00e1 el programa municipal de mejoramiento de calles y avenidas del primer cuadro de la ciudad. <\/p>\n\n\n\n<blockquote class=\"wp-block-quote is-layout-flow wp-block-quote-is-layout-flow\"><p>&#8220;<em>Nosotros ya iniciamos con obra desde el a\u00f1o pasado en este sitio, haciendo algunas calles en concreto hidr\u00e1ulico pero con esto podremos hacer m\u00e1s obra y que la cabecera municipal se vuelva un punto muy importante en la ciudad de Boca del R\u00edo<\/em>&#8220;.<\/p><\/blockquote>\n\n\n\n<p>Record\u00f3 que el centro de la ciudad tiene que ser reactivado, con una vista limpia hacia el mar y habr\u00e1 en la Plaza Banderas juegos infantiles, juegos, \u00e1rea para mascotas, entre otras obras. <\/p>\n\n\n\n<blockquote class=\"wp-block-quote is-layout-flow wp-block-quote-is-layout-flow\"><p>&#8220;<em>El desguace ya no debe de tardar, ya se dio de baja y ya tiene que dar instrucciones en este caso la Sedecop para que entre la empresa, en este caso, nosotros apoyaremos sin duda con toda la cuesti\u00f3n de movilidad en esa zona porqu\u00e9 entrar\u00e1n maquinas, entrar\u00e1n artefactos para ir desguazando en sitio el buque<\/em>&#8220;.<\/p><\/blockquote>\n\n\n\n<p>Por otro lado el alcalde afirm\u00f3 que est\u00e1 garantizada la seguridad para el Salsa Fest 2023, que habr\u00e1 de realizarse los d\u00edas 1,2 y 3 de junio.<\/p>\n\n\n\n<p>Los visitantes encontrar\u00e1n playas limpias y seguridad, as\u00ed como una gran oferta hotelera.<\/p>\n\n\n\n<blockquote class=\"wp-block-quote is-layout-flow wp-block-quote-is-layout-flow\"><p>\u201c<em>Reconozco el trabajo del gobierno estatal a trav\u00e9s de la sectur, para seguir colocando el estado en un destino tur\u00edstico de primer nivel, de estas actividades dependen muchos empleos. Estoy convencido que este evento dejar\u00e1 una derrama econ\u00f3mica importante<\/em>\u201d.<\/p><\/blockquote>\n\n\n\n<p>Dijo que el evento representa una derrama econ\u00f3mica de m\u00e1s de 400 millones de pesos y una ocupaci\u00f3n hotelera del 100 por ciento.<\/p>\n\n\n\n<blockquote class=\"wp-block-quote is-layout-flow wp-block-quote-is-layout-flow\"><p>&#8220;<em>Y es otra fecha espec\u00edfica en donde la ciudad se llena, y nos nosotros contamos con una ciudad segura, con una ciudad limpia, ordenada, y Boca del R\u00edo vuelve a ser la ciudad principal tur\u00edsticamente hablando<\/em>&#8220;, finaliz\u00f3.<\/p><\/blockquote>\n\n\n\n<p>Por \u00faltimo, Juan Manuel de Unanue, reiter\u00f3 que desde el inicio de su administraci\u00f3n, ha trabajado con todas las dependencias estatales y federales en materia de seguridad para su municipio.<\/p>\n\n\n\n<p><\/p>\n","protected":false},"excerpt":{"rendered":"<p>Jes\u00fas Utrilla \/ NV Noticias Una vez retirado el buque Guanajuato, continuar\u00e1 el embellecimiento del centro de Boca del R\u00edo y se le dar\u00e1 movimiento a la cabecera municipal continuando con las obras proyectadas en plaza Banderas, dijo el alcalde, Juan Manuel de Un\u00e1nue Abascal. Record\u00f3 que las autoridades estatales llevan a cabo el desguace [&hellip;]<\/p>\n","protected":false},"author":8,"featured_media":104331,"comment_status":"open","ping_status":"open","sticky":false,"template":"","format":"standard","meta":{"_monsterinsights_skip_tracking":false,"_monsterinsights_sitenote_active":false,"_monsterinsights_sitenote_note":"","_monsterinsights_sitenote_category":0,"footnotes":""},"categories":[154],"tags":[423,5574,3660],"class_list":["post-104328","post","type-post","status-publish","format-standard","has-post-thumbnail","hentry","category-veracruz","tag-boca-del-rio","tag-buque-guanajuato","tag-juan-manuel-de-unanue-abascal","wp-image-borders"],"amp_enabled":true,"_links":{"self":[{"href":"https:\/\/nvnoticias.mx\/index.php\/wp-json\/wp\/v2\/posts\/104328","targetHints":{"allow":["GET"]}}],"collection":[{"href":"https:\/\/nvnoticias.mx\/index.php\/wp-json\/wp\/v2\/posts"}],"about":[{"href":"https:\/\/nvnoticias.mx\/index.php\/wp-json\/wp\/v2\/types\/post"}],"author":[{"embeddable":true,"href":"https:\/\/nvnoticias.mx\/index.php\/wp-json\/wp\/v2\/users\/8"}],"replies":[{"embeddable":true,"href":"https:\/\/nvnoticias.mx\/index.php\/wp-json\/wp\/v2\/comments?post=104328"}],"version-history":[{"count":1,"href":"https:\/\/nvnoticias.mx\/index.php\/wp-json\/wp\/v2\/posts\/104328\/revisions"}],"predecessor-version":[{"id":104332,"href":"https:\/\/nvnoticias.mx\/index.php\/wp-json\/wp\/v2\/posts\/104328\/revisions\/104332"}],"wp:featuredmedia":[{"embeddable":true,"href":"https:\/\/nvnoticias.mx\/index.php\/wp-json\/wp\/v2\/media\/104331"}],"wp:attachment":[{"href":"https:\/\/nvnoticias.mx\/index.php\/wp-json\/wp\/v2\/media?parent=104328"}],"wp:term":[{"taxonomy":"category","embeddable":true,"href":"https:\/\/nvnoticias.mx\/index.php\/wp-json\/wp\/v2\/categories?post=104328"},{"taxonomy":"post_tag","embeddable":true,"href":"https:\/\/nvnoticias.mx\/index.php\/wp-json\/wp\/v2\/tags?post=104328"}],"curies":[{"name":"wp","href":"https:\/\/api.w.org\/{rel}","templated":true}]}}