{"id":104307,"date":"2023-04-24T14:11:29","date_gmt":"2023-04-24T19:11:29","guid":{"rendered":"https:\/\/nvnoticias.mx\/?p=104307"},"modified":"2023-04-24T14:11:29","modified_gmt":"2023-04-24T19:11:29","slug":"confia-senador-que-no-desaparezcan-inai-e-ivai-y-transparenten-refineria-de-dos-bocas","status":"publish","type":"post","link":"https:\/\/nvnoticias.mx\/index.php\/2023\/04\/24\/confia-senador-que-no-desaparezcan-inai-e-ivai-y-transparenten-refineria-de-dos-bocas\/","title":{"rendered":"Conf\u00eda senador que no desaparezcan INAI e IVAI y transparenten refiner\u00eda de Dos Bocas"},"content":{"rendered":"\n<p><strong>Jes\u00fas Utrilla \/ NV Noticias <\/strong><\/p>\n\n\n\n<p>El Instituto Nacional de Acceso a la Informaci\u00f3n no es transparente ante los m\u00e1s de 500 asuntos semanales que se recibe, adem\u00e1s el ejecutivo federal deber\u00eda transparentar informaci\u00f3n sobre la refiner\u00eda de Dos Bocas, que se inaugur\u00f3 hace un a\u00f1o y a\u00fan no produce, dijo el senador panista Julen Rementer\u00eda del Puerto.<\/p>\n\n\n\n<p>Acus\u00f3 que la refiner\u00eda ha costado m\u00e1s del doble de su estimado original que era de 8 mil millones de d\u00f3lares, sin contar que se inunda cada vez que llueve dada su ubicaci\u00f3n geogr\u00e1fica.<\/p>\n\n\n\n<p>Asimismo coment\u00f3 que la administraci\u00f3n estatal  no podr\u00e1 eliminar al Instituto Veracruzano de Acceso a la Informaci\u00f3n (IVAI), pese a que a nivel nacional se pretenda eliminar al Instituto Veracruzano de Acceso a la Informaci\u00f3n (IVAI).<\/p>\n\n\n\n<blockquote class=\"wp-block-quote is-layout-flow wp-block-quote-is-layout-flow\"><p>\u201c<em>Para cancelar un derecho a la informaci\u00f3n por parte de los mexicanos, a nivel federal no podr\u00e1n cancelar ni destruir al INAI, pueden no nombrarlos porque se requiere una mayor\u00eda pero yo espero que la Corte en alg\u00fan momento les enderece la plana, porque ya hay recursos presentados ante la Corte pero no la pueden desaparecer porque es una disposici\u00f3n constitucional y necesitar\u00edan modificar la Constituci\u00f3n\u201d.<\/em><\/p><\/blockquote>\n\n\n\n<p>Confi\u00f3 que en Veracruz no le cancelen a los veracruzanos el derecho a la informaci\u00f3n porque lo \u00fanico de lo que van a dar cuenta clara es de que no quieren transparencia y no quieren entregar informaci\u00f3n.<\/p>\n","protected":false},"excerpt":{"rendered":"<p>Jes\u00fas Utrilla \/ NV Noticias El Instituto Nacional de Acceso a la Informaci\u00f3n no es transparente ante los m\u00e1s de 500 asuntos semanales que se recibe, adem\u00e1s el ejecutivo federal deber\u00eda transparentar informaci\u00f3n sobre la refiner\u00eda de Dos Bocas, que se inaugur\u00f3 hace un a\u00f1o y a\u00fan no produce, dijo el senador panista Julen Rementer\u00eda [&hellip;]<\/p>\n","protected":false},"author":8,"featured_media":988,"comment_status":"open","ping_status":"open","sticky":false,"template":"","format":"standard","meta":{"_monsterinsights_skip_tracking":false,"_monsterinsights_sitenote_active":false,"_monsterinsights_sitenote_note":"","_monsterinsights_sitenote_category":0,"footnotes":""},"categories":[154],"tags":[355,793],"class_list":["post-104307","post","type-post","status-publish","format-standard","has-post-thumbnail","hentry","category-veracruz","tag-inai","tag-ivai","wp-image-borders"],"amp_enabled":true,"_links":{"self":[{"href":"https:\/\/nvnoticias.mx\/index.php\/wp-json\/wp\/v2\/posts\/104307","targetHints":{"allow":["GET"]}}],"collection":[{"href":"https:\/\/nvnoticias.mx\/index.php\/wp-json\/wp\/v2\/posts"}],"about":[{"href":"https:\/\/nvnoticias.mx\/index.php\/wp-json\/wp\/v2\/types\/post"}],"author":[{"embeddable":true,"href":"https:\/\/nvnoticias.mx\/index.php\/wp-json\/wp\/v2\/users\/8"}],"replies":[{"embeddable":true,"href":"https:\/\/nvnoticias.mx\/index.php\/wp-json\/wp\/v2\/comments?post=104307"}],"version-history":[{"count":1,"href":"https:\/\/nvnoticias.mx\/index.php\/wp-json\/wp\/v2\/posts\/104307\/revisions"}],"predecessor-version":[{"id":104308,"href":"https:\/\/nvnoticias.mx\/index.php\/wp-json\/wp\/v2\/posts\/104307\/revisions\/104308"}],"wp:featuredmedia":[{"embeddable":true,"href":"https:\/\/nvnoticias.mx\/index.php\/wp-json\/wp\/v2\/media\/988"}],"wp:attachment":[{"href":"https:\/\/nvnoticias.mx\/index.php\/wp-json\/wp\/v2\/media?parent=104307"}],"wp:term":[{"taxonomy":"category","embeddable":true,"href":"https:\/\/nvnoticias.mx\/index.php\/wp-json\/wp\/v2\/categories?post=104307"},{"taxonomy":"post_tag","embeddable":true,"href":"https:\/\/nvnoticias.mx\/index.php\/wp-json\/wp\/v2\/tags?post=104307"}],"curies":[{"name":"wp","href":"https:\/\/api.w.org\/{rel}","templated":true}]}}