{"id":104305,"date":"2023-04-24T14:05:32","date_gmt":"2023-04-24T19:05:32","guid":{"rendered":"https:\/\/nvnoticias.mx\/?p=104305"},"modified":"2023-04-24T14:05:33","modified_gmt":"2023-04-24T19:05:33","slug":"preven-invierno-seco-y-frio","status":"publish","type":"post","link":"https:\/\/nvnoticias.mx\/index.php\/2023\/04\/24\/preven-invierno-seco-y-frio\/","title":{"rendered":"Prev\u00e9n invierno seco y fr\u00edo"},"content":{"rendered":"\n<p><strong>Sam Ojeda \/ NV Noticias <\/strong><\/p>\n\n\n\n<p>Xalapa.- Las predicciones advierten que el invierno de este a\u00f1o podr\u00eda ser m\u00e1s seco y fr\u00edo que los anteriores, dado la presencia del fen\u00f3meno de El Ni\u00f1o, advirti\u00f3 el subcoordinador del Pron\u00f3stico Meteorol\u00f3gico y Estacional de la Secretar\u00eda de Protecci\u00f3n Civil, Federico Acevedo Rosas.<\/p>\n\n\n\n<p>El especialista indic\u00f3 que si las predicciones se confirman durante el verano y oto\u00f1o se presentar\u00e1 el fen\u00f3meno de El Ni\u00f1o y esto significar\u00eda una menor cantidad de tormentas y ciclones tropicales durante la temporada de lluvias, debido al fen\u00f3meno de El Ni\u00f1o.  <\/p>\n\n\n\n<p>Advirti\u00f3 que como consecuencia los meses de diciembre, y enero y febrero de 2024 iniciar\u00edan con el d\u00e9ficit de precipitaciones proveniente desde verano de 2023. <\/p>\n\n\n\n<blockquote class=\"wp-block-quote is-layout-flow wp-block-quote-is-layout-flow\"><p>\u201c<em>S\u00ed pensamos que esto pudiera extenderse hacia inicios del a\u00f1o entrante, pudi\u00e9ramos hablar de un ambiente muy seco y fr\u00edo, que no ser\u00eda nada favorable para el estiaje del 2024\u201d. <\/em><\/p><\/blockquote>\n\n\n\n<p>Dicho escenario implica una advertencia temprana para el sector forestal debido al riesgo latente de incendios en la entidad veracruzana. <\/p>\n\n\n\n<p>\u201cHay una probabilidad de un Ni\u00f1o \u2018fuerte\u2019 que podr\u00eda provocar la disminuci\u00f3n de ciclones tropicales en la cuenca del Atl\u00e1ntico y que podr\u00eda provocar condiciones secas en nuestro pa\u00eds durante el verano con menos lluvias\u201d. <\/p>\n\n\n\n<p>Acevedo Rosas record\u00f3 que los fen\u00f3menos de El Ni\u00f1o y La Ni\u00f1a son diferentes por sus consecuencias, y que las predicciones se deben ir actualizando. <\/p>\n\n\n\n<p><\/p>\n","protected":false},"excerpt":{"rendered":"<p>Sam Ojeda \/ NV Noticias Xalapa.- Las predicciones advierten que el invierno de este a\u00f1o podr\u00eda ser m\u00e1s seco y fr\u00edo que los anteriores, dado la presencia del fen\u00f3meno de El Ni\u00f1o, advirti\u00f3 el subcoordinador del Pron\u00f3stico Meteorol\u00f3gico y Estacional de la Secretar\u00eda de Protecci\u00f3n Civil, Federico Acevedo Rosas. El especialista indic\u00f3 que si las [&hellip;]<\/p>\n","protected":false},"author":8,"featured_media":81776,"comment_status":"open","ping_status":"open","sticky":false,"template":"","format":"standard","meta":{"_monsterinsights_skip_tracking":false,"_monsterinsights_sitenote_active":false,"_monsterinsights_sitenote_note":"","_monsterinsights_sitenote_category":0,"footnotes":""},"categories":[156],"tags":[19685],"class_list":["post-104305","post","type-post","status-publish","format-standard","has-post-thumbnail","hentry","category-estado","tag-invierno","wp-image-borders"],"amp_enabled":true,"_links":{"self":[{"href":"https:\/\/nvnoticias.mx\/index.php\/wp-json\/wp\/v2\/posts\/104305","targetHints":{"allow":["GET"]}}],"collection":[{"href":"https:\/\/nvnoticias.mx\/index.php\/wp-json\/wp\/v2\/posts"}],"about":[{"href":"https:\/\/nvnoticias.mx\/index.php\/wp-json\/wp\/v2\/types\/post"}],"author":[{"embeddable":true,"href":"https:\/\/nvnoticias.mx\/index.php\/wp-json\/wp\/v2\/users\/8"}],"replies":[{"embeddable":true,"href":"https:\/\/nvnoticias.mx\/index.php\/wp-json\/wp\/v2\/comments?post=104305"}],"version-history":[{"count":1,"href":"https:\/\/nvnoticias.mx\/index.php\/wp-json\/wp\/v2\/posts\/104305\/revisions"}],"predecessor-version":[{"id":104306,"href":"https:\/\/nvnoticias.mx\/index.php\/wp-json\/wp\/v2\/posts\/104305\/revisions\/104306"}],"wp:featuredmedia":[{"embeddable":true,"href":"https:\/\/nvnoticias.mx\/index.php\/wp-json\/wp\/v2\/media\/81776"}],"wp:attachment":[{"href":"https:\/\/nvnoticias.mx\/index.php\/wp-json\/wp\/v2\/media?parent=104305"}],"wp:term":[{"taxonomy":"category","embeddable":true,"href":"https:\/\/nvnoticias.mx\/index.php\/wp-json\/wp\/v2\/categories?post=104305"},{"taxonomy":"post_tag","embeddable":true,"href":"https:\/\/nvnoticias.mx\/index.php\/wp-json\/wp\/v2\/tags?post=104305"}],"curies":[{"name":"wp","href":"https:\/\/api.w.org\/{rel}","templated":true}]}}