{"id":104303,"date":"2023-04-24T13:57:47","date_gmt":"2023-04-24T18:57:47","guid":{"rendered":"https:\/\/nvnoticias.mx\/?p=104303"},"modified":"2023-04-24T13:57:49","modified_gmt":"2023-04-24T18:57:49","slug":"advierten-ciudadanos-que-promoveran-la-demolicion-de-la-torre-centro","status":"publish","type":"post","link":"https:\/\/nvnoticias.mx\/index.php\/2023\/04\/24\/advierten-ciudadanos-que-promoveran-la-demolicion-de-la-torre-centro\/","title":{"rendered":"Advierten ciudadanos que promover\u00e1n  la demolici\u00f3n De la Torre Centro"},"content":{"rendered":"\n<p>Luego que el gobernador del Estado Cuitl\u00e1huac Garc\u00eda Jim\u00e9nez, informara que denunciar\u00e1 al juez que otorg\u00f3 amparos a los propietarios de la Torre Centro, para poder construir sin los permisos correspondientes, integrantes de Civilistas Veracruzanos advirtieron que gestionar\u00e1n la demolici\u00f3n de niveles.<\/p>\n\n\n\n<p>Daniel Nahmad Molinari, integrante de la agrupaci\u00f3n, record\u00f3 que se trata de una zona de valor hist\u00f3rico y cultural y no porque ya est\u00e9 edificado se debe permitir que permanezca ah\u00ed.<\/p>\n\n\n\n<p>Record\u00f3 que en el pa\u00eds existen organismos civiles que luchan contra el mercantilismo y en el caso de la agrupaci\u00f3n interpusieron un amparo para proteger el patrimonio hist\u00f3rico de Veracruz.<\/p>\n\n\n\n<p>Lamentaron la omisi\u00f3n ante las agresiones al patrimonio cultural de Veracruz, ya que el edificio fue construido sin cambio de uso de suelo y sin el estudio de impacto ambiental.<\/p>\n\n\n\n<p>Cit\u00f3 de ejemplo a Colombia, en donde un juez de Cartagena orden\u00f3 demoler un edificio que afectaba visualmente el entorno, la Torre Aquarela. <\/p>\n\n\n\n<p>En este sentido dijo que lo mismo deber\u00eda pasar con Veracruz.En otro sentido, se\u00f1al\u00f3 que en Liverpool, se perdi\u00f3 la declaratoria de Patrimonio de la Humanidad debido a los edificios modernos que se construyeron.<\/p>\n\n\n\n<p>Por ello actuar\u00e1n en consecuencia, de talmanera que no ocurra lo mismo en Veracruz.Cabe recordar que el gobernador de Veracruz, Cuitl\u00e1huac Garc\u00eda Jim\u00e9nez, advirti\u00f3 que tras las posibles malas actuaciones en el caso de la Torre Centro, se pondr\u00e1 la denuncia correspondiente contra el juez, Jos\u00e9 Arqu\u00edmedes Loranca Luna.<\/p>\n\n\n\n<p>Acus\u00f3 que el inmueble no inici\u00f3 con los permisos correspondientes, por lo que libraron acciones interpuestas contra la construcci\u00f3n.<\/p>\n\n\n\n<p>Se promovieron siete juicios contra el edificio  pero dos jueces federales en su actuaciones concedieron un amparo a los due\u00f1os de la torre.<\/p>\n\n\n\n<p><\/p>\n","protected":false},"excerpt":{"rendered":"<p>Luego que el gobernador del Estado Cuitl\u00e1huac Garc\u00eda Jim\u00e9nez, informara que denunciar\u00e1 al juez que otorg\u00f3 amparos a los propietarios de la Torre Centro, para poder construir sin los permisos correspondientes, integrantes de Civilistas Veracruzanos advirtieron que gestionar\u00e1n la demolici\u00f3n de niveles. Daniel Nahmad Molinari, integrante de la agrupaci\u00f3n, record\u00f3 que se trata de una [&hellip;]<\/p>\n","protected":false},"author":8,"featured_media":92939,"comment_status":"open","ping_status":"open","sticky":false,"template":"","format":"standard","meta":{"_monsterinsights_skip_tracking":false,"_monsterinsights_sitenote_active":false,"_monsterinsights_sitenote_note":"","_monsterinsights_sitenote_category":0,"footnotes":""},"categories":[154],"tags":[24760,4619],"class_list":["post-104303","post","type-post","status-publish","format-standard","has-post-thumbnail","hentry","category-veracruz","tag-demolicion","tag-torre-centro","wp-image-borders"],"amp_enabled":true,"_links":{"self":[{"href":"https:\/\/nvnoticias.mx\/index.php\/wp-json\/wp\/v2\/posts\/104303","targetHints":{"allow":["GET"]}}],"collection":[{"href":"https:\/\/nvnoticias.mx\/index.php\/wp-json\/wp\/v2\/posts"}],"about":[{"href":"https:\/\/nvnoticias.mx\/index.php\/wp-json\/wp\/v2\/types\/post"}],"author":[{"embeddable":true,"href":"https:\/\/nvnoticias.mx\/index.php\/wp-json\/wp\/v2\/users\/8"}],"replies":[{"embeddable":true,"href":"https:\/\/nvnoticias.mx\/index.php\/wp-json\/wp\/v2\/comments?post=104303"}],"version-history":[{"count":1,"href":"https:\/\/nvnoticias.mx\/index.php\/wp-json\/wp\/v2\/posts\/104303\/revisions"}],"predecessor-version":[{"id":104304,"href":"https:\/\/nvnoticias.mx\/index.php\/wp-json\/wp\/v2\/posts\/104303\/revisions\/104304"}],"wp:featuredmedia":[{"embeddable":true,"href":"https:\/\/nvnoticias.mx\/index.php\/wp-json\/wp\/v2\/media\/92939"}],"wp:attachment":[{"href":"https:\/\/nvnoticias.mx\/index.php\/wp-json\/wp\/v2\/media?parent=104303"}],"wp:term":[{"taxonomy":"category","embeddable":true,"href":"https:\/\/nvnoticias.mx\/index.php\/wp-json\/wp\/v2\/categories?post=104303"},{"taxonomy":"post_tag","embeddable":true,"href":"https:\/\/nvnoticias.mx\/index.php\/wp-json\/wp\/v2\/tags?post=104303"}],"curies":[{"name":"wp","href":"https:\/\/api.w.org\/{rel}","templated":true}]}}