{"id":104240,"date":"2023-04-23T13:28:34","date_gmt":"2023-04-23T18:28:34","guid":{"rendered":"https:\/\/nvnoticias.mx\/?p=104240"},"modified":"2023-04-23T13:28:35","modified_gmt":"2023-04-23T18:28:35","slug":"la-regulacion-del-fentanilo-ilegal-no-afectara-los-usos-medicos","status":"publish","type":"post","link":"https:\/\/nvnoticias.mx\/index.php\/2023\/04\/23\/la-regulacion-del-fentanilo-ilegal-no-afectara-los-usos-medicos\/","title":{"rendered":"La regulaci\u00f3n del fentanilo ilegal no afectar\u00e1 los usos m\u00e9dicos"},"content":{"rendered":"\n<p><strong>Jes\u00fas Utrilla | NV Noticias<\/strong><div><br>El fentanilo se seguir\u00e1 ocupando para usos m\u00e9dicos hasta que no se indique que deber\u00e1 sustituirse por otros analg\u00e9sicos alternativos, aclar\u00f3 Juan Antonio Ferrer, titular del Instituto de Salud para el Bienestar (Insabi).<\/div><\/p>\n\n\n\n<p>Agreg\u00f3 que por el momento la regulaci\u00f3n planteada es para el fentanilo ilegal y ser\u00e1 hasta que se giren nuevas indicaciones, cuando deje de ocuparse en tratamientos para el dolor. Y es que el fentanilo se utiliza para quitar el dolor de enfermedades terminales, o cuando hacen operaciones que son muy dolorosas .<\/p>\n\n\n\n<blockquote class=\"wp-block-quote is-layout-flow wp-block-quote-is-layout-flow\"><p>\u201cNo afecta, la parte de la que se habla es la que entra al pa\u00eds y que no est\u00e1 dirigida a los pacientes, es la parte que no est\u00e1 regulada. Esa parte es la que se va a atacar por parte del Gobierno Mexicano pero tenemos autorizaci\u00f3n para el uso medicinal, hasta ahorita y se va a seguir usando. Cuando se nos diga que se puede sustituir por otro medicamento lo vamos a hacer\u201d.<\/p><\/blockquote>\n\n\n\n<p>Finalmente admiti\u00f3 que luego del Covid hay m\u00e1s problemas m\u00e9dicos relacionados con el coraz\u00f3n, la cabeza, est\u00f3mago y \u00f3rganos vitales, que se est\u00e1n atendiendo. Incluso se est\u00e1n reportando y documentando los casos para tener un panorama certero en todo el pa\u00eds. Esta condici\u00f3n no encareci\u00f3 el sistema de salud, por el contrario los medicamentos se surten adecuadamente.<\/p>\n","protected":false},"excerpt":{"rendered":"<p>Jes\u00fas Utrilla | NV Noticias El fentanilo se seguir\u00e1 ocupando para usos m\u00e9dicos hasta que no se indique que deber\u00e1 sustituirse por otros analg\u00e9sicos alternativos, aclar\u00f3 Juan Antonio Ferrer, titular del Instituto de Salud para el Bienestar (Insabi). Agreg\u00f3 que por el momento la regulaci\u00f3n planteada es para el fentanilo ilegal y ser\u00e1 hasta que [&hellip;]<\/p>\n","protected":false},"author":6,"featured_media":99114,"comment_status":"open","ping_status":"open","sticky":false,"template":"","format":"standard","meta":{"_monsterinsights_skip_tracking":false,"_monsterinsights_sitenote_active":false,"_monsterinsights_sitenote_note":"","_monsterinsights_sitenote_category":0,"footnotes":""},"categories":[154],"tags":[7270,24747],"class_list":["post-104240","post","type-post","status-publish","format-standard","has-post-thumbnail","hentry","category-veracruz","tag-fentanilo","tag-medico-2","wp-image-borders"],"amp_enabled":true,"_links":{"self":[{"href":"https:\/\/nvnoticias.mx\/index.php\/wp-json\/wp\/v2\/posts\/104240","targetHints":{"allow":["GET"]}}],"collection":[{"href":"https:\/\/nvnoticias.mx\/index.php\/wp-json\/wp\/v2\/posts"}],"about":[{"href":"https:\/\/nvnoticias.mx\/index.php\/wp-json\/wp\/v2\/types\/post"}],"author":[{"embeddable":true,"href":"https:\/\/nvnoticias.mx\/index.php\/wp-json\/wp\/v2\/users\/6"}],"replies":[{"embeddable":true,"href":"https:\/\/nvnoticias.mx\/index.php\/wp-json\/wp\/v2\/comments?post=104240"}],"version-history":[{"count":1,"href":"https:\/\/nvnoticias.mx\/index.php\/wp-json\/wp\/v2\/posts\/104240\/revisions"}],"predecessor-version":[{"id":104241,"href":"https:\/\/nvnoticias.mx\/index.php\/wp-json\/wp\/v2\/posts\/104240\/revisions\/104241"}],"wp:featuredmedia":[{"embeddable":true,"href":"https:\/\/nvnoticias.mx\/index.php\/wp-json\/wp\/v2\/media\/99114"}],"wp:attachment":[{"href":"https:\/\/nvnoticias.mx\/index.php\/wp-json\/wp\/v2\/media?parent=104240"}],"wp:term":[{"taxonomy":"category","embeddable":true,"href":"https:\/\/nvnoticias.mx\/index.php\/wp-json\/wp\/v2\/categories?post=104240"},{"taxonomy":"post_tag","embeddable":true,"href":"https:\/\/nvnoticias.mx\/index.php\/wp-json\/wp\/v2\/tags?post=104240"}],"curies":[{"name":"wp","href":"https:\/\/api.w.org\/{rel}","templated":true}]}}