{"id":104165,"date":"2023-04-22T15:17:57","date_gmt":"2023-04-22T20:17:57","guid":{"rendered":"https:\/\/nvnoticias.mx\/?p=104165"},"modified":"2023-04-22T15:17:57","modified_gmt":"2023-04-22T20:17:57","slug":"kazuyoshi-miura-hace-historia-en-el-futbol-de-portugal-por-su-debut-a-los-56-anos","status":"publish","type":"post","link":"https:\/\/nvnoticias.mx\/index.php\/2023\/04\/22\/kazuyoshi-miura-hace-historia-en-el-futbol-de-portugal-por-su-debut-a-los-56-anos\/","title":{"rendered":"Kazuyoshi Miura hace historia en el futbol de Portugal por su debut a los 56 a\u00f1os"},"content":{"rendered":"\n<p>El japon\u00e9s Kazuyoshi Miura, que firm\u00f3 en febrero con el club portugu\u00e9s Oliveirense, volvi\u00f3 a sumar una nueva marca de longevidad este s\u00e1bado.<\/p>\n\n\n\n<p>Nacido en 1967 en Shizuoka, el jugador que inspir\u00f3 el personaje de Oliver Atom en la serie &#8216;S\u00faper Campeones&#8217; debut\u00f3 en la Segunda portuguesa<\/p>\n\n\n\n<p>El atacante nip\u00f3n entr\u00f3 de cambio por Jonata en el \u00faltimo minuto del partido en el que su equipo derrot\u00f3 por 1-4 al Acad\u00e9mico de Viseu Futebol Clube.<\/p>\n\n\n\n<p>Aunque fueron escasos los minutos que estuvo en el campo, el japon\u00e9s, apodado &#8216;King Kazu&#8217;, se convirti\u00f3, con 56 a\u00f1os, un mes y 24 d\u00edas, en el jugador m\u00e1s veterano en jugar en la historia del balompi\u00e9 portugu\u00e9s.<\/p>\n\n\n\n<p>Miura no disputaba un partido desde el pasado 20 de noviembre de 2022, cuando dijo adi\u00f3s al Suzuka Point Getters.<\/p>\n\n\n\n<p>Con Oliveirense, que ocupa la novena posici\u00f3n en la Segunda de Portugal, no hab\u00eda tenido minutos en los 11 partidos que se han disputado desde su llegada.<\/p>\n\n\n\n<p>MIURA QUIERE JUGAR HASTA LOS 60 A\u00d1OS<\/p>\n\n\n\n<p>El contrato del ariete con los lusos ser\u00e1 por medio a\u00f1o y buscar\u00e1 durante este tipo edificar un &#8216;milagro&#8217; y lograr el asecenso con el Oliveirense.<\/p>\n\n\n\n<p>El goleador, quien ya se garantiz\u00f3 un equipo para la primera mitad del a\u00f1o ha dicho en algunas ocasiones que buscar\u00e1 culminar su carrera con 60 a\u00f1os, por lo que a\u00fan espera jugar durante al menos otros cuatro a\u00f1os.<\/p>\n\n\n\n<p>Fuente: <a href=\"https:\/\/www.tudn.com\/futbol\/kazu-miura-hace-historia-en-el-futbol-de-portugal-por-debut-a-los-56-anos-de-edad\">TUDN<\/a><\/p>\n","protected":false},"excerpt":{"rendered":"<p>El japon\u00e9s Kazuyoshi Miura, que firm\u00f3 en febrero con el club portugu\u00e9s Oliveirense, volvi\u00f3 a sumar una nueva marca de longevidad este s\u00e1bado. Nacido en 1967 en Shizuoka, el jugador que inspir\u00f3 el personaje de Oliver Atom en la serie &#8216;S\u00faper Campeones&#8217; debut\u00f3 en la Segunda portuguesa El atacante nip\u00f3n entr\u00f3 de cambio por Jonata [&hellip;]<\/p>\n","protected":false},"author":8,"featured_media":104167,"comment_status":"open","ping_status":"open","sticky":false,"template":"","format":"standard","meta":{"_monsterinsights_skip_tracking":false,"_monsterinsights_sitenote_active":false,"_monsterinsights_sitenote_note":"","_monsterinsights_sitenote_category":0,"footnotes":""},"categories":[159],"tags":[7957,402,22925,4450],"class_list":["post-104165","post","type-post","status-publish","format-standard","has-post-thumbnail","hentry","category-deportes","tag-debut","tag-futbol-2","tag-kazuyoshi-miura","tag-portugal","wp-image-borders"],"amp_enabled":true,"_links":{"self":[{"href":"https:\/\/nvnoticias.mx\/index.php\/wp-json\/wp\/v2\/posts\/104165","targetHints":{"allow":["GET"]}}],"collection":[{"href":"https:\/\/nvnoticias.mx\/index.php\/wp-json\/wp\/v2\/posts"}],"about":[{"href":"https:\/\/nvnoticias.mx\/index.php\/wp-json\/wp\/v2\/types\/post"}],"author":[{"embeddable":true,"href":"https:\/\/nvnoticias.mx\/index.php\/wp-json\/wp\/v2\/users\/8"}],"replies":[{"embeddable":true,"href":"https:\/\/nvnoticias.mx\/index.php\/wp-json\/wp\/v2\/comments?post=104165"}],"version-history":[{"count":1,"href":"https:\/\/nvnoticias.mx\/index.php\/wp-json\/wp\/v2\/posts\/104165\/revisions"}],"predecessor-version":[{"id":104168,"href":"https:\/\/nvnoticias.mx\/index.php\/wp-json\/wp\/v2\/posts\/104165\/revisions\/104168"}],"wp:featuredmedia":[{"embeddable":true,"href":"https:\/\/nvnoticias.mx\/index.php\/wp-json\/wp\/v2\/media\/104167"}],"wp:attachment":[{"href":"https:\/\/nvnoticias.mx\/index.php\/wp-json\/wp\/v2\/media?parent=104165"}],"wp:term":[{"taxonomy":"category","embeddable":true,"href":"https:\/\/nvnoticias.mx\/index.php\/wp-json\/wp\/v2\/categories?post=104165"},{"taxonomy":"post_tag","embeddable":true,"href":"https:\/\/nvnoticias.mx\/index.php\/wp-json\/wp\/v2\/tags?post=104165"}],"curies":[{"name":"wp","href":"https:\/\/api.w.org\/{rel}","templated":true}]}}