{"id":104147,"date":"2023-04-22T13:55:36","date_gmt":"2023-04-22T18:55:36","guid":{"rendered":"https:\/\/nvnoticias.mx\/?p=104147"},"modified":"2023-04-22T13:55:36","modified_gmt":"2023-04-22T18:55:36","slug":"usuarios-de-cfe-piden-al-presidente-atender-los-apagones-electricos-de-veracruz","status":"publish","type":"post","link":"https:\/\/nvnoticias.mx\/index.php\/2023\/04\/22\/usuarios-de-cfe-piden-al-presidente-atender-los-apagones-electricos-de-veracruz\/","title":{"rendered":"Usuarios de CFE piden al presidente  atender los apagones el\u00e9ctricos de Veracruz"},"content":{"rendered":"\n<p><strong>Jes\u00fas Utrilla \/ NV Noticias<\/strong><\/p>\n\n\n\n<p>Integrantes del Movimiento Renovador Democr\u00e1tico aprovecharon la visita del presidente Andr\u00e9s Manuel L\u00f3pez Obrador para reportar los constantes apagones que se presentan en la zona conurbada Veracruz- Boca del R\u00edo.<\/p>\n\n\n\n<p>Marco Antonio Moncayo Parra, presidente del movimiento, dijo que hizo de su conocimiento los constantes cortes el\u00e9ctricos y solicit\u00f3 su apoyo para mejorar la infraestructura el\u00e9ctrica y evitar que persista el problema.<\/p>\n\n\n\n<blockquote class=\"wp-block-quote is-layout-flow wp-block-quote-is-layout-flow\"><p>\u201c<em>Le platiqu\u00e9 de los apagones, que la comida se est\u00e1 echando a perder, los aparatos y que hay apagones globales y apagones por pausa.  Hasta le dije que ah\u00ed mismo hab\u00eda un trasformador sin tapa y que era un peligro\u201d. <\/em><\/p><\/blockquote>\n\n\n\n<p>Explic\u00f3 que le coment\u00f3 que los apagones podr\u00edan ser por las l\u00edneas de aluminio y las malas condiciones de los transformadores, que tienen de 25 a 30 a\u00f1os.<\/p>\n\n\n\n<p>Se comprometi\u00f3 a hablar con el titular de la Comisi\u00f3n Federal de Electricidad, para que ponga mayor atenci\u00f3n en el caso de Veracruz.<\/p>\n\n\n\n<blockquote class=\"wp-block-quote is-layout-flow wp-block-quote-is-layout-flow\"><p>\u201c<em>Le dije que en Veracruz y Boca Del R\u00edo se est\u00e1n echando a perder los aparatos port\u00e1ndose apagones que se han presentado\u201d.<\/em><\/p><\/blockquote>\n\n\n\n<p>Afirm\u00f3 que el presidente se port\u00f3 atento y amable por lo que la pl\u00e1tica fue breve pero cordial.<\/p>\n","protected":false},"excerpt":{"rendered":"<p>Jes\u00fas Utrilla \/ NV Noticias Integrantes del Movimiento Renovador Democr\u00e1tico aprovecharon la visita del presidente Andr\u00e9s Manuel L\u00f3pez Obrador para reportar los constantes apagones que se presentan en la zona conurbada Veracruz- Boca del R\u00edo. Marco Antonio Moncayo Parra, presidente del movimiento, dijo que hizo de su conocimiento los constantes cortes el\u00e9ctricos y solicit\u00f3 su [&hellip;]<\/p>\n","protected":false},"author":8,"featured_media":104148,"comment_status":"open","ping_status":"open","sticky":false,"template":"","format":"standard","meta":{"_monsterinsights_skip_tracking":false,"_monsterinsights_sitenote_active":false,"_monsterinsights_sitenote_note":"","_monsterinsights_sitenote_category":0,"footnotes":""},"categories":[154],"tags":[821,2647,2288],"class_list":["post-104147","post","type-post","status-publish","format-standard","has-post-thumbnail","hentry","category-veracruz","tag-cfe","tag-marco-antonio-moncayo-parra","tag-movimiento-renovador-democratico","wp-image-borders"],"amp_enabled":true,"_links":{"self":[{"href":"https:\/\/nvnoticias.mx\/index.php\/wp-json\/wp\/v2\/posts\/104147","targetHints":{"allow":["GET"]}}],"collection":[{"href":"https:\/\/nvnoticias.mx\/index.php\/wp-json\/wp\/v2\/posts"}],"about":[{"href":"https:\/\/nvnoticias.mx\/index.php\/wp-json\/wp\/v2\/types\/post"}],"author":[{"embeddable":true,"href":"https:\/\/nvnoticias.mx\/index.php\/wp-json\/wp\/v2\/users\/8"}],"replies":[{"embeddable":true,"href":"https:\/\/nvnoticias.mx\/index.php\/wp-json\/wp\/v2\/comments?post=104147"}],"version-history":[{"count":1,"href":"https:\/\/nvnoticias.mx\/index.php\/wp-json\/wp\/v2\/posts\/104147\/revisions"}],"predecessor-version":[{"id":104149,"href":"https:\/\/nvnoticias.mx\/index.php\/wp-json\/wp\/v2\/posts\/104147\/revisions\/104149"}],"wp:featuredmedia":[{"embeddable":true,"href":"https:\/\/nvnoticias.mx\/index.php\/wp-json\/wp\/v2\/media\/104148"}],"wp:attachment":[{"href":"https:\/\/nvnoticias.mx\/index.php\/wp-json\/wp\/v2\/media?parent=104147"}],"wp:term":[{"taxonomy":"category","embeddable":true,"href":"https:\/\/nvnoticias.mx\/index.php\/wp-json\/wp\/v2\/categories?post=104147"},{"taxonomy":"post_tag","embeddable":true,"href":"https:\/\/nvnoticias.mx\/index.php\/wp-json\/wp\/v2\/tags?post=104147"}],"curies":[{"name":"wp","href":"https:\/\/api.w.org\/{rel}","templated":true}]}}