{"id":104142,"date":"2023-04-22T13:05:49","date_gmt":"2023-04-22T18:05:49","guid":{"rendered":"https:\/\/nvnoticias.mx\/?p=104142"},"modified":"2023-04-22T13:05:49","modified_gmt":"2023-04-22T18:05:49","slug":"prodecon-atendera-este-sabados-22-y-tambien-el-29-de-abril-para-apoyar-a-presentar-la-declaracion-anual","status":"publish","type":"post","link":"https:\/\/nvnoticias.mx\/index.php\/2023\/04\/22\/prodecon-atendera-este-sabados-22-y-tambien-el-29-de-abril-para-apoyar-a-presentar-la-declaracion-anual\/","title":{"rendered":"Prodecon atender\u00e1 este s\u00e1bados 22 y tambi\u00e9n el 29 de abril para apoyar a presentar la declaraci\u00f3n anual"},"content":{"rendered":"\n<p><strong>Jes\u00fas Utrilla \/ NV Noticias<\/strong> <\/p>\n\n\n\n<p>La Procuradur\u00eda de la Defensa del Contribuyente anunci\u00f3 que estos s\u00e1bados 22 y 29 de abril brindar\u00e1 atenci\u00f3n en un horario de 9 a 15 horas para que los contribuyentes que no han podido acudir entre semana, puedan hacerlo para presentar su declaraci\u00f3n anual de impuestos.<\/p>\n\n\n\n<p>El delegado de PRODECON en Veracruz,Mario Herrera T\u00e9llez, indic\u00f3 que durante la primera quincena de abril proporcionaron m\u00e1s de 600 servicios y que muchos asalariados, pensionados y jubilados, peque\u00f1os empresarios y comerciantes acuden para presentar su declaraci\u00f3n, por lo que fue necesario ampliar los horarios de atenci\u00f3n. <\/p>\n\n\n\n<p>La fecha l\u00edmite para presentar la declaraci\u00f3n es el 2 de mayo. Indic\u00f3 que se puede acuidr con cita o sin cita, y que necesitan tener a la mano su clave de RFC y su contrase\u00f1a, y que de no contar con \u00e9sta, tambi\u00e9n asesoran para obtenerla.<\/p>\n\n\n\n<blockquote class=\"wp-block-quote is-layout-flow wp-block-quote-is-layout-flow\"><p>\u201c<em>Hemos asesorado a muchas personas f\u00edsicas y nos ha permitido conocer algunas situaciones que podr\u00edan afectar a los contribuyentes, entre estas, que las personas han sido reportadas con ingresos por sueldos de supuestos patrones a quienes desconocen, y hay que poner atenci\u00f3n en ello al presentar la declaraci\u00f3n, para no aceptar esos ingresos que no percibieron, pues podr\u00edan pagar de m\u00e1s\u201d.<\/em><\/p><\/blockquote>\n\n\n\n<p>Tambi\u00e9n dijo que hay personas que acuden a presentar su declaraci\u00f3n y al ingresar al portal del SAT, advierten que ya est\u00e1 presentada su declaraci\u00f3n y que incluso se determin\u00f3 saldo a favor, y se\u00f1alan para su devoluci\u00f3n cuentas bancarias que no son de los contribuyentes, lo que podr\u00eda tratarse de un robo de sus contrase\u00f1as o que alguien la mal utiliz\u00f3. <\/p>\n\n\n\n<blockquote class=\"wp-block-quote is-layout-flow wp-block-quote-is-layout-flow\"><p>\u201c<em>Debe hacerse la actualizaci\u00f3n de la contrase\u00f1a, y en caso de advertirlo con buena oportunidad, podemos intervenir para que el SAT no haga el pago de la devoluci\u00f3n a un tercero\u201d.<\/em><\/p><\/blockquote>\n\n\n\n<p>La PRODECON asesora en el tr\u00e1mite de la devoluci\u00f3n de saldos a favor, ya sea en su modalidad de devoluci\u00f3n autom\u00e1tica, y tambi\u00e9n en caso de que sea necesario presentar una solicitud de devoluci\u00f3n manual, para lo que es necesario contar con la firma electr\u00f3nica proporcionada por el SAT.  <\/p>\n\n\n\n<blockquote class=\"wp-block-quote is-layout-flow wp-block-quote-is-layout-flow\"><p>\u201c<em>La Autoridad comunica inconsistencias que pueden solventarse o bien presentar la solicitud de devoluci\u00f3n manual, pero esas inconsistencias no quieren decir que el SAT est\u00e9 negando el saldo a favor\u201d. <\/em><\/p><\/blockquote>\n\n\n\n<p>Invit\u00f3 al taller pr\u00e1ctico de declaraci\u00f3n anual que organizan junto con el Colegio de Contadores P\u00fablicos de Veracruz y el Consejo Coordinador Empresarial, el que se llevar\u00e1 a cabo el 24 de abril de 11 a 13 horas en las instalaciones del CCE en calle Zamora #367, en la Colonia Centro, que es abierto al p\u00fablico en general y es gratuito; pueden inscribirse al tel\u00e9fono 2299313877 o al correo delegacionveracruz@prodecon.gob.mx.<\/p>\n","protected":false},"excerpt":{"rendered":"<p>Jes\u00fas Utrilla \/ NV Noticias La Procuradur\u00eda de la Defensa del Contribuyente anunci\u00f3 que estos s\u00e1bados 22 y 29 de abril brindar\u00e1 atenci\u00f3n en un horario de 9 a 15 horas para que los contribuyentes que no han podido acudir entre semana, puedan hacerlo para presentar su declaraci\u00f3n anual de impuestos. El delegado de PRODECON [&hellip;]<\/p>\n","protected":false},"author":8,"featured_media":104143,"comment_status":"open","ping_status":"open","sticky":false,"template":"","format":"standard","meta":{"_monsterinsights_skip_tracking":false,"_monsterinsights_sitenote_active":false,"_monsterinsights_sitenote_note":"","_monsterinsights_sitenote_category":0,"footnotes":""},"categories":[154],"tags":[697],"class_list":["post-104142","post","type-post","status-publish","format-standard","has-post-thumbnail","hentry","category-veracruz","tag-prodecon","wp-image-borders"],"amp_enabled":true,"_links":{"self":[{"href":"https:\/\/nvnoticias.mx\/index.php\/wp-json\/wp\/v2\/posts\/104142","targetHints":{"allow":["GET"]}}],"collection":[{"href":"https:\/\/nvnoticias.mx\/index.php\/wp-json\/wp\/v2\/posts"}],"about":[{"href":"https:\/\/nvnoticias.mx\/index.php\/wp-json\/wp\/v2\/types\/post"}],"author":[{"embeddable":true,"href":"https:\/\/nvnoticias.mx\/index.php\/wp-json\/wp\/v2\/users\/8"}],"replies":[{"embeddable":true,"href":"https:\/\/nvnoticias.mx\/index.php\/wp-json\/wp\/v2\/comments?post=104142"}],"version-history":[{"count":1,"href":"https:\/\/nvnoticias.mx\/index.php\/wp-json\/wp\/v2\/posts\/104142\/revisions"}],"predecessor-version":[{"id":104144,"href":"https:\/\/nvnoticias.mx\/index.php\/wp-json\/wp\/v2\/posts\/104142\/revisions\/104144"}],"wp:featuredmedia":[{"embeddable":true,"href":"https:\/\/nvnoticias.mx\/index.php\/wp-json\/wp\/v2\/media\/104143"}],"wp:attachment":[{"href":"https:\/\/nvnoticias.mx\/index.php\/wp-json\/wp\/v2\/media?parent=104142"}],"wp:term":[{"taxonomy":"category","embeddable":true,"href":"https:\/\/nvnoticias.mx\/index.php\/wp-json\/wp\/v2\/categories?post=104142"},{"taxonomy":"post_tag","embeddable":true,"href":"https:\/\/nvnoticias.mx\/index.php\/wp-json\/wp\/v2\/tags?post=104142"}],"curies":[{"name":"wp","href":"https:\/\/api.w.org\/{rel}","templated":true}]}}