{"id":104096,"date":"2023-04-21T14:04:06","date_gmt":"2023-04-21T19:04:06","guid":{"rendered":"https:\/\/nvnoticias.mx\/?p=104096"},"modified":"2023-04-21T14:04:07","modified_gmt":"2023-04-21T19:04:07","slug":"familiares-de-joven-acusada-de-desaparicion-forzada-solicitan-apoyo-del-gobierno-federal","status":"publish","type":"post","link":"https:\/\/nvnoticias.mx\/index.php\/2023\/04\/21\/familiares-de-joven-acusada-de-desaparicion-forzada-solicitan-apoyo-del-gobierno-federal\/","title":{"rendered":"Familiares de joven acusada de desaparici\u00f3n forzada solicitan apoyo del Gobierno Federal"},"content":{"rendered":"\n<p><strong>Jes\u00fas Utrilla \/ NV Noticias<\/strong><\/p>\n\n\n\n<p>Familiares de Perla, quien es acusada de supuesta desaparici\u00f3n forzada acudieron a solicitar el apoyo del presidente de la Rep\u00fablica, quien visit\u00f3 Veracruz.<\/p>\n\n\n\n<p>Su mam\u00e1, Nadia Hern\u00e1ndez Meza, explic\u00f3 que la acusan de la desaparici\u00f3n de su expareja, por ello pidieron que las apoyen. Los hechos se dieron en 2020, en C\u00f3rdoba, fueron dos a\u00f1os de proceso.<\/p>\n\n\n\n<p>El 12 de abril sentenciaron a su hija a 50 a\u00f1os de prisi\u00f3n sin ser culpable. Hubo mal manejo del caso pues solo fueron pruebas circunstanciales.<\/p>\n\n\n\n<blockquote class=\"wp-block-quote is-layout-flow wp-block-quote-is-layout-flow\"><p>\u201c<em>Corrimos con la suerte de que el presidente nos recibiera papeles en mano, nos hablaron para que vini\u00e9ramos y nos recibieran otros documentos. Ya nos dijeron que nos van a ayudar y que tendremos cita para que nos atiendan<\/em>\u201d.<\/p><\/blockquote>\n\n\n\n<p>Actualmente se encuentran en la apelaci\u00f3n, que comenz\u00f3 a correr el mi\u00e9rcoles. Adem\u00e1s, en redes sociales hicieron un movimiento para darle difusi\u00f3n al caso.<\/p>\n\n\n\n<p>La prisi\u00f3n preventiva se le dict\u00f3 desde 2021 y la sentenciaron el 12 de abril.<\/p>\n\n\n\n<blockquote class=\"wp-block-quote is-layout-flow wp-block-quote-is-layout-flow\"><p>\u201c<em>Es un dolor que no se le desea a nadie y sobre todo porque est\u00e1n sentenciando a alguien que no lo hizo solo porque la Fiscal\u00eda quiere una cifra sin hacer su trabajo<\/em>\u201d.<\/p><\/blockquote>\n\n\n\n<p>La se\u00f1ora acus\u00f3 que la Fiscal\u00eda no est\u00e1 realizando su trabajo, pues en lugar de investigar acus\u00f3 a su hija.<\/p>\n","protected":false},"excerpt":{"rendered":"<p>Jes\u00fas Utrilla \/ NV Noticias Familiares de Perla, quien es acusada de supuesta desaparici\u00f3n forzada acudieron a solicitar el apoyo del presidente de la Rep\u00fablica, quien visit\u00f3 Veracruz. Su mam\u00e1, Nadia Hern\u00e1ndez Meza, explic\u00f3 que la acusan de la desaparici\u00f3n de su expareja, por ello pidieron que las apoyen. Los hechos se dieron en 2020, [&hellip;]<\/p>\n","protected":false},"author":8,"featured_media":104097,"comment_status":"open","ping_status":"open","sticky":false,"template":"","format":"standard","meta":{"_monsterinsights_skip_tracking":false,"_monsterinsights_sitenote_active":false,"_monsterinsights_sitenote_note":"","_monsterinsights_sitenote_category":0,"footnotes":""},"categories":[154],"tags":[410,756,24727],"class_list":["post-104096","post","type-post","status-publish","format-standard","has-post-thumbnail","hentry","category-veracruz","tag-apoyo","tag-cordoba","tag-perla","wp-image-borders"],"amp_enabled":true,"_links":{"self":[{"href":"https:\/\/nvnoticias.mx\/index.php\/wp-json\/wp\/v2\/posts\/104096","targetHints":{"allow":["GET"]}}],"collection":[{"href":"https:\/\/nvnoticias.mx\/index.php\/wp-json\/wp\/v2\/posts"}],"about":[{"href":"https:\/\/nvnoticias.mx\/index.php\/wp-json\/wp\/v2\/types\/post"}],"author":[{"embeddable":true,"href":"https:\/\/nvnoticias.mx\/index.php\/wp-json\/wp\/v2\/users\/8"}],"replies":[{"embeddable":true,"href":"https:\/\/nvnoticias.mx\/index.php\/wp-json\/wp\/v2\/comments?post=104096"}],"version-history":[{"count":1,"href":"https:\/\/nvnoticias.mx\/index.php\/wp-json\/wp\/v2\/posts\/104096\/revisions"}],"predecessor-version":[{"id":104098,"href":"https:\/\/nvnoticias.mx\/index.php\/wp-json\/wp\/v2\/posts\/104096\/revisions\/104098"}],"wp:featuredmedia":[{"embeddable":true,"href":"https:\/\/nvnoticias.mx\/index.php\/wp-json\/wp\/v2\/media\/104097"}],"wp:attachment":[{"href":"https:\/\/nvnoticias.mx\/index.php\/wp-json\/wp\/v2\/media?parent=104096"}],"wp:term":[{"taxonomy":"category","embeddable":true,"href":"https:\/\/nvnoticias.mx\/index.php\/wp-json\/wp\/v2\/categories?post=104096"},{"taxonomy":"post_tag","embeddable":true,"href":"https:\/\/nvnoticias.mx\/index.php\/wp-json\/wp\/v2\/tags?post=104096"}],"curies":[{"name":"wp","href":"https:\/\/api.w.org\/{rel}","templated":true}]}}