{"id":104026,"date":"2023-04-20T19:15:26","date_gmt":"2023-04-21T00:15:26","guid":{"rendered":"https:\/\/nvnoticias.mx\/?p=104026"},"modified":"2023-04-20T19:15:27","modified_gmt":"2023-04-21T00:15:27","slug":"el-exito-politico","status":"publish","type":"post","link":"https:\/\/nvnoticias.mx\/index.php\/2023\/04\/20\/el-exito-politico\/","title":{"rendered":"El \u00e9xito pol\u00edtico"},"content":{"rendered":"\n<blockquote class=\"wp-block-quote is-layout-flow wp-block-quote-is-layout-flow\"><p><em>Los pol\u00edticos de la democracia carecen de voluntad de aspirar a la grandeza.<\/em><\/p><cite><strong>Tocqueville<\/strong><\/cite><\/blockquote>\n\n\n\n<p>\u00bfEn qu\u00e9 consiste tener \u00e9xito en la pol\u00edtica? \u00bfEn arribar a un puesto haciendo lo que sea para lograrlo sin distinguir lo \u00e9tico y lo inmoral? \u00bfEn desempe\u00f1ar el cargo sin beneficiar a los gobernados y solamente para satisfacer ambiciones personales? \u00bfEn permanecer en el cargo sin respetar la normatividad que lo regula?<\/p>\n\n\n\n<p>La responsabilidad del pol\u00edtico debe ser tan evidente como la necesidad de que el coraz\u00f3n palpite para que haya vida. En el mismo caso, la necesidad de la honestidad equivale al riego sangu\u00edneo en el cerebro para que ejerza la funci\u00f3n de pensar. Digamos que \u00e9stas son caracter\u00edsticas consustanciales del quehacer profesional. Hablemos pues de otras virtudes que un hombre p\u00fablico debe cultivar para ser exitoso. A mi juicio y por mi experiencia, agregar\u00eda el realismo y la sencillez.<\/p>\n\n\n\n<p>No recuerdo d\u00f3nde le\u00ed lo siguiente: \u201cEn el entierro de Stalin murieron 106 personas en la Plaza Roja. Su propia hija logr\u00f3 salvarse meti\u00e9ndose debajo de un coche. A\u00f1os despu\u00e9s, un moscovita le da un codazo a su vecino y le dice: \u2018Mira, ah\u00ed viene Jruschov\u2019. El otro le contesta encogi\u00e9ndose de hombros: \u2018A ese yo lo conozco. En alguna ocasi\u00f3n observ\u00e9 que hasta alguien escup\u00eda a su paso\u2019\u201d. Mijail Gorbachov fue incluso abofeteado cuando a\u00f1os despu\u00e9s de su dimisi\u00f3n intent\u00f3 volver a la vida p\u00fablica con resultados paup\u00e9rrimos, su funeral fue bastante discreto. Adolfo Su\u00e1rez tuvo una experiencia similar, despu\u00e9s de ser el brillante y h\u00e1bil autor de la transici\u00f3n a la democracia en Espa\u00f1a a la muerte de Franco, con el paso de los a\u00f1os fracas\u00f3 en el intento de retornar al primer plano de la pol\u00edtica.<\/p>\n\n\n\n<p>Con los ejemplos anteriores pretendo distinguir que popularidad y juicio de la historia no son convergentes.<\/p>\n\n\n\n<p>Junto con Hitler y Mao, Stalin es considerado uno de los gobernantes m\u00e1s sanguinarios de la historia. A medida que pasa el tiempo, con todo y sus defectos, crece la imagen de Nikita por haber develado las perversiones de la Revoluci\u00f3n rusa y por ser, a mi juicio, el que evit\u00f3 la tercera guerra mundial en 1962, cuando se dio la famosa crisis de los misiles instalados en Cuba.<\/p>\n\n\n\n<p>Si consideramos como el factor m\u00e1s importante del \u00e9xito pol\u00edtico el ocupar un cargo relevante, sin importar c\u00f3mo se obtuvo ni el cumplimiento de sus deberes, tendr\u00edamos que calificar a Santa Anna y a Huerta como triunfadores. Jos\u00e9 Fouch\u00e9, seg\u00fan relata su bi\u00f3grafo Stefan Zweig, fue una figura relevante durante m\u00e1s de un cuarto de siglo, deambulando en Francia entre la Revoluci\u00f3n, la dictadura y la monarqu\u00eda con una extraordinaria capacidad para acomodarse en posiciones a veces contradictorias, ser\u00eda el campe\u00f3n de los pol\u00edticos.<\/p>\n\n\n\n<p>La conclusi\u00f3n es que el prototipo del hombre p\u00fablico tendr\u00eda que ser maquiav\u00e9lico, que no corresponde precisamente al pensamiento del florentino.<\/p>\n\n\n\n<p>Mi opini\u00f3n es todo lo contrario. El pol\u00edtico exitoso es el que le proporciona m\u00e1s beneficios a su pueblo, lo cual es perfectamente mensurable hoy en d\u00eda. A veces su mayor aportaci\u00f3n, m\u00e1s que hacer un bien, es evitar un mal, como lo expres\u00f3 Julio Mar\u00eda Sanguinetti en un espl\u00e9ndido di\u00e1logo con Jos\u00e9 Mujica. Ambos, de partidos diferentes, fueron presidentes de Uruguay.<\/p>\n\n\n\n<p>En la realidad latinoamericana, hay una nutrida bibliograf\u00eda sobre liderazgos, desde caudillos, tiranos, buenos gobernantes, militares arbitrarios, y el tema ha sido materia para algunas novelas de nuestros premios Nobel de Literatura. Hoy, en todas nuestras naciones hermanas hay grandes dilemas entre presidencialismo, parlamentarismo, reg\u00edmenes h\u00edbridos. Sin lugar a dudas el reto es el entendimiento entre poderes, la coordinaci\u00f3n para hacer, ejecutar e interpretar las leyes.<\/p>\n\n\n\n<p>El a\u00f1o pr\u00f3ximo los mexicanos tendremos una nueva elecci\u00f3n presidencial. Hemos sobreteorizado la pol\u00edtica. Focalicemos a los personajes: su comportamiento, su calidad humana; cotej\u00e9moslos con los grandes personajes de la historia. Los tiempos, como siempre, as\u00ed lo exigen.<\/p>\n","protected":false},"excerpt":{"rendered":"<p>Los pol\u00edticos de la democracia carecen de voluntad de aspirar a la grandeza. Tocqueville \u00bfEn qu\u00e9 consiste tener \u00e9xito en la pol\u00edtica? \u00bfEn arribar a un puesto haciendo lo que sea para lograrlo sin distinguir lo \u00e9tico y lo inmoral? \u00bfEn desempe\u00f1ar el cargo sin beneficiar a los gobernados y solamente para satisfacer ambiciones personales? [&hellip;]<\/p>\n","protected":false},"author":17,"featured_media":104027,"comment_status":"open","ping_status":"open","sticky":false,"template":"","format":"standard","meta":{"_monsterinsights_skip_tracking":false,"_monsterinsights_sitenote_active":false,"_monsterinsights_sitenote_note":"","_monsterinsights_sitenote_category":0,"footnotes":""},"categories":[614],"tags":[397],"class_list":["post-104026","post","type-post","status-publish","format-standard","has-post-thumbnail","hentry","category-politica-de-principios","tag-juan-jose-rodriguez-prats-2","wp-image-borders"],"amp_enabled":true,"_links":{"self":[{"href":"https:\/\/nvnoticias.mx\/index.php\/wp-json\/wp\/v2\/posts\/104026","targetHints":{"allow":["GET"]}}],"collection":[{"href":"https:\/\/nvnoticias.mx\/index.php\/wp-json\/wp\/v2\/posts"}],"about":[{"href":"https:\/\/nvnoticias.mx\/index.php\/wp-json\/wp\/v2\/types\/post"}],"author":[{"embeddable":true,"href":"https:\/\/nvnoticias.mx\/index.php\/wp-json\/wp\/v2\/users\/17"}],"replies":[{"embeddable":true,"href":"https:\/\/nvnoticias.mx\/index.php\/wp-json\/wp\/v2\/comments?post=104026"}],"version-history":[{"count":1,"href":"https:\/\/nvnoticias.mx\/index.php\/wp-json\/wp\/v2\/posts\/104026\/revisions"}],"predecessor-version":[{"id":104028,"href":"https:\/\/nvnoticias.mx\/index.php\/wp-json\/wp\/v2\/posts\/104026\/revisions\/104028"}],"wp:featuredmedia":[{"embeddable":true,"href":"https:\/\/nvnoticias.mx\/index.php\/wp-json\/wp\/v2\/media\/104027"}],"wp:attachment":[{"href":"https:\/\/nvnoticias.mx\/index.php\/wp-json\/wp\/v2\/media?parent=104026"}],"wp:term":[{"taxonomy":"category","embeddable":true,"href":"https:\/\/nvnoticias.mx\/index.php\/wp-json\/wp\/v2\/categories?post=104026"},{"taxonomy":"post_tag","embeddable":true,"href":"https:\/\/nvnoticias.mx\/index.php\/wp-json\/wp\/v2\/tags?post=104026"}],"curies":[{"name":"wp","href":"https:\/\/api.w.org\/{rel}","templated":true}]}}