{"id":104006,"date":"2023-04-20T15:18:24","date_gmt":"2023-04-20T20:18:24","guid":{"rendered":"https:\/\/nvnoticias.mx\/?p=104006"},"modified":"2023-04-20T15:18:26","modified_gmt":"2023-04-20T20:18:26","slug":"eu-moviliza-tropas-ante-posible-evacuacion-de-su-personal-de-sudan-por-conflicto","status":"publish","type":"post","link":"https:\/\/nvnoticias.mx\/index.php\/2023\/04\/20\/eu-moviliza-tropas-ante-posible-evacuacion-de-su-personal-de-sudan-por-conflicto\/","title":{"rendered":"EU moviliza tropas ante posible evacuaci\u00f3n de su personal de Sud\u00e1n por conflicto"},"content":{"rendered":"\n<p>Estados Unidos anunci\u00f3 este jueves que est\u00e1 vigilando de cerca la situaci\u00f3n de Sud\u00e1n y ha desplegado tropas en la regi\u00f3n en caso de que fuera necesario evacuar a su personal del pa\u00eds.<\/p>\n\n\n\n<p>El Pent\u00e1gono indic\u00f3 en un breve comunicado que, junto con el Comando de Estados Unidos para \u00c1frica, est\u00e1n efectuando &#8220;una planificaci\u00f3n prudente de cara a diversas contingencias&#8221;.<\/p>\n\n\n\n<p>Los enfrentamientos estallaron el s\u00e1bado en medio de conversaciones sobre una reforma del Ej\u00e9rcito y la integraci\u00f3n de las Fuerzas de Apoyo R\u00e1pido (FAR) en el mismo, dentro de un proceso pol\u00edtico para devolver a Sud\u00e1n a la senda democr\u00e1tica tras el golpe de Estado de 2021 perpetrado por el jefe del Ej\u00e9rcito, Abdelfatah al Burhan, y el comandante paramilitar Mohamed Hamdan Dagalo -alias Hemedti-.<\/p>\n\n\n\n<p>El portavoz del Consejo de Seguridad Nacional de la Casa Blanca, John Kirby, quiso dejar claro este jueves que Washington todav\u00eda no ha tomado una decisi\u00f3n firme sobre una eventual evacuaci\u00f3n.<\/p>\n\n\n\n<p>Lo mejor que podr\u00eda suceder actualmente, a\u00f1adi\u00f3 Kirby, &#8220;es que cese la lucha para que las dos partes depongan las armas y respeten el alto el fuego (\u2026) y permitir que la ayuda humanitaria llegue a la gente de Jartum, que cada vez est\u00e1 m\u00e1s desesperada al respecto&#8221;.<\/p>\n\n\n\n<p>El portavoz del Consejo de Seguridad apunt\u00f3 que el presidente estadounidense, Joe Biden, sigue de cerca la situaci\u00f3n en el pa\u00eds.<\/p>\n\n\n\n<p>En su comparecencia incidi\u00f3 en que no hay pruebas de que la poblaci\u00f3n estadounidense est\u00e9 en el punto de mira en Sud\u00e1n.<\/p>\n\n\n\n<p>Fuente: <a href=\"https:\/\/www.milenio.com\/internacional\/eu-moviliza-tropas-evacuacion-personal-sudan\">Milenio<\/a><\/p>\n","protected":false},"excerpt":{"rendered":"<p>Estados Unidos anunci\u00f3 este jueves que est\u00e1 vigilando de cerca la situaci\u00f3n de Sud\u00e1n y ha desplegado tropas en la regi\u00f3n en caso de que fuera necesario evacuar a su personal del pa\u00eds. El Pent\u00e1gono indic\u00f3 en un breve comunicado que, junto con el Comando de Estados Unidos para \u00c1frica, est\u00e1n efectuando &#8220;una planificaci\u00f3n prudente [&hellip;]<\/p>\n","protected":false},"author":8,"featured_media":104007,"comment_status":"open","ping_status":"open","sticky":false,"template":"","format":"standard","meta":{"_monsterinsights_skip_tracking":false,"_monsterinsights_sitenote_active":false,"_monsterinsights_sitenote_note":"","_monsterinsights_sitenote_category":0,"footnotes":""},"categories":[181],"tags":[3218,24716],"class_list":["post-104006","post","type-post","status-publish","format-standard","has-post-thumbnail","hentry","category-internacional","tag-eu","tag-sudan-2","wp-image-borders"],"amp_enabled":true,"_links":{"self":[{"href":"https:\/\/nvnoticias.mx\/index.php\/wp-json\/wp\/v2\/posts\/104006","targetHints":{"allow":["GET"]}}],"collection":[{"href":"https:\/\/nvnoticias.mx\/index.php\/wp-json\/wp\/v2\/posts"}],"about":[{"href":"https:\/\/nvnoticias.mx\/index.php\/wp-json\/wp\/v2\/types\/post"}],"author":[{"embeddable":true,"href":"https:\/\/nvnoticias.mx\/index.php\/wp-json\/wp\/v2\/users\/8"}],"replies":[{"embeddable":true,"href":"https:\/\/nvnoticias.mx\/index.php\/wp-json\/wp\/v2\/comments?post=104006"}],"version-history":[{"count":1,"href":"https:\/\/nvnoticias.mx\/index.php\/wp-json\/wp\/v2\/posts\/104006\/revisions"}],"predecessor-version":[{"id":104008,"href":"https:\/\/nvnoticias.mx\/index.php\/wp-json\/wp\/v2\/posts\/104006\/revisions\/104008"}],"wp:featuredmedia":[{"embeddable":true,"href":"https:\/\/nvnoticias.mx\/index.php\/wp-json\/wp\/v2\/media\/104007"}],"wp:attachment":[{"href":"https:\/\/nvnoticias.mx\/index.php\/wp-json\/wp\/v2\/media?parent=104006"}],"wp:term":[{"taxonomy":"category","embeddable":true,"href":"https:\/\/nvnoticias.mx\/index.php\/wp-json\/wp\/v2\/categories?post=104006"},{"taxonomy":"post_tag","embeddable":true,"href":"https:\/\/nvnoticias.mx\/index.php\/wp-json\/wp\/v2\/tags?post=104006"}],"curies":[{"name":"wp","href":"https:\/\/api.w.org\/{rel}","templated":true}]}}