{"id":103993,"date":"2023-04-20T14:39:13","date_gmt":"2023-04-20T19:39:13","guid":{"rendered":"https:\/\/nvnoticias.mx\/?p=103993"},"modified":"2023-04-20T14:39:14","modified_gmt":"2023-04-20T19:39:14","slug":"comienzan-a-reducir-los-precios-de-las-tarifas-maritimas","status":"publish","type":"post","link":"https:\/\/nvnoticias.mx\/index.php\/2023\/04\/20\/comienzan-a-reducir-los-precios-de-las-tarifas-maritimas\/","title":{"rendered":"Comienzan a reducir los precios de las tarifas mar\u00edtimas"},"content":{"rendered":"\n<p><strong>Jes\u00fas Utrilla \/ NV Noticias<\/strong><\/p>\n\n\n\n<p>Las tarifas mar\u00edtimas se mantienen a la baja pero adem\u00e1s hay mayor movimiento de mercanc\u00eda por el Puerto de Veracruz, afirm\u00f3 Jos\u00e9 Luis Valencia, director en Veracruz del Consejo Empresarial Mexicano de Comercio Exterior, Inversi\u00f3n y Tecnolog\u00eda (COMCE).<\/p>\n\n\n\n<p>Se\u00f1al\u00f3 que durante el primer trimestre de 2023 increment\u00f3 el manejo de veh\u00edculos, graneles y contenedores y seguramente el segundo trimestre del a\u00f1o mantendr\u00e1 la misma tendencia.<\/p>\n\n\n\n<blockquote class=\"wp-block-quote is-layout-flow wp-block-quote-is-layout-flow\"><p>\u201c<em>Los vemos muy positivo, \u00faltimamente hemos generado un incremento considerable en el manejo de carga a nivel nacional por el Puerto de Veracruz y vamos incrementando la carga, veh\u00edculos, contenedores, graneles y esto significa que estamos en franca recuperaci\u00f3n econ\u00f3mica<\/em>\u201d.<\/p><\/blockquote>\n\n\n\n<p>Insisti\u00f3 que a nivel internacional tambi\u00e9n se vive la reducci\u00f3n de las tarifas mar\u00edtimas internacionales, de embarcaciones provenientes del Pac\u00edfico a puertos de Manzanillo y L\u00e1zaro C\u00e1rdenas y tambi\u00e9n desde puertos europeos y hay beneficios para Veracruz.<\/p>\n\n\n\n<p>Afirm\u00f3 que se vive una reconfiguraci\u00f3n de las cadenas de suministro y se mantiene el dinamismo del comercio exterior y se busca fortalecer el crecimiento de las micros, peque\u00f1as y medianas empresas. <\/p>\n\n\n\n<p>El COMCE impulsar\u00e1 un programa de aceleramiento de importaci\u00f3n y exportaci\u00f3n para validar la oferta de las pymes.<\/p>\n\n\n\n<blockquote class=\"wp-block-quote is-layout-flow wp-block-quote-is-layout-flow\"><p>\u201c<em>Vamos a validar la oferta exportable de las empresas para darles toda la herramienta para que puedan comercializar internacionalmente<\/em>\u201d.\u00a0<\/p><\/blockquote>\n","protected":false},"excerpt":{"rendered":"<p>Jes\u00fas Utrilla \/ NV Noticias Las tarifas mar\u00edtimas se mantienen a la baja pero adem\u00e1s hay mayor movimiento de mercanc\u00eda por el Puerto de Veracruz, afirm\u00f3 Jos\u00e9 Luis Valencia, director en Veracruz del Consejo Empresarial Mexicano de Comercio Exterior, Inversi\u00f3n y Tecnolog\u00eda (COMCE). Se\u00f1al\u00f3 que durante el primer trimestre de 2023 increment\u00f3 el manejo de [&hellip;]<\/p>\n","protected":false},"author":8,"featured_media":103994,"comment_status":"open","ping_status":"open","sticky":false,"template":"","format":"standard","meta":{"_monsterinsights_skip_tracking":false,"_monsterinsights_sitenote_active":false,"_monsterinsights_sitenote_note":"","_monsterinsights_sitenote_category":0,"footnotes":""},"categories":[154],"tags":[1801,24713],"class_list":["post-103993","post","type-post","status-publish","format-standard","has-post-thumbnail","hentry","category-veracruz","tag-precios","tag-tarifas-maritimas","wp-image-borders"],"amp_enabled":true,"_links":{"self":[{"href":"https:\/\/nvnoticias.mx\/index.php\/wp-json\/wp\/v2\/posts\/103993","targetHints":{"allow":["GET"]}}],"collection":[{"href":"https:\/\/nvnoticias.mx\/index.php\/wp-json\/wp\/v2\/posts"}],"about":[{"href":"https:\/\/nvnoticias.mx\/index.php\/wp-json\/wp\/v2\/types\/post"}],"author":[{"embeddable":true,"href":"https:\/\/nvnoticias.mx\/index.php\/wp-json\/wp\/v2\/users\/8"}],"replies":[{"embeddable":true,"href":"https:\/\/nvnoticias.mx\/index.php\/wp-json\/wp\/v2\/comments?post=103993"}],"version-history":[{"count":1,"href":"https:\/\/nvnoticias.mx\/index.php\/wp-json\/wp\/v2\/posts\/103993\/revisions"}],"predecessor-version":[{"id":103995,"href":"https:\/\/nvnoticias.mx\/index.php\/wp-json\/wp\/v2\/posts\/103993\/revisions\/103995"}],"wp:featuredmedia":[{"embeddable":true,"href":"https:\/\/nvnoticias.mx\/index.php\/wp-json\/wp\/v2\/media\/103994"}],"wp:attachment":[{"href":"https:\/\/nvnoticias.mx\/index.php\/wp-json\/wp\/v2\/media?parent=103993"}],"wp:term":[{"taxonomy":"category","embeddable":true,"href":"https:\/\/nvnoticias.mx\/index.php\/wp-json\/wp\/v2\/categories?post=103993"},{"taxonomy":"post_tag","embeddable":true,"href":"https:\/\/nvnoticias.mx\/index.php\/wp-json\/wp\/v2\/tags?post=103993"}],"curies":[{"name":"wp","href":"https:\/\/api.w.org\/{rel}","templated":true}]}}