{"id":103984,"date":"2023-04-20T13:19:58","date_gmt":"2023-04-20T18:19:58","guid":{"rendered":"https:\/\/nvnoticias.mx\/?p=103984"},"modified":"2023-04-20T13:19:58","modified_gmt":"2023-04-20T18:19:58","slug":"se-requiere-una-verdadera-estrategia-coordinada-para-reducir-la-impunidad-y-garantizar-la-imparticion-de-justicia","status":"publish","type":"post","link":"https:\/\/nvnoticias.mx\/index.php\/2023\/04\/20\/se-requiere-una-verdadera-estrategia-coordinada-para-reducir-la-impunidad-y-garantizar-la-imparticion-de-justicia\/","title":{"rendered":"Se requiere una verdadera estrategia coordinada para reducir la impunidad y garantizar la impartici\u00f3n de justicia"},"content":{"rendered":"\n<p><strong>Jes\u00fas Utrilla \/ NV Noticias<\/strong><\/p>\n\n\n\n<p>Se requiere un proceso de construcci\u00f3n de paz a trav\u00e9s de iniciativas y de la generaci\u00f3n de propuestas para reducir la impunidad y garantizar la impartici\u00f3n de justicia, se\u00f1al\u00f3 Gilberto Far\u00edas Morales, presidente del Colegio de Abogados Penalistas de Veracruz.<\/p>\n\n\n\n<p>Dijo que se viven momentos cr\u00edticos de inseguridad y violencia a lo que se suma la desconfianza en las instituciones encargadas de la impartici\u00f3n y procuraci\u00f3n de justicia.<\/p>\n\n\n\n<blockquote class=\"wp-block-quote is-layout-flow wp-block-quote-is-layout-flow\"><p>\u201c<em>Tenemos un sistema de justicia rebasado y que favorece la impunidad. La estrategia de seguridad se centra en el uso de la fuerza sin el fortalecimiento de las instituciones de seguridad. Como empresarios nos preocupa la inseguridad creciente en el pa\u00eds, necesitamos certidumbre para promover y atraer la inversi\u00f3n y el desarrollo de los empleos<\/em>\u201d.<\/p><\/blockquote>\n\n\n\n<p>Advirti\u00f3 que por esta situaci\u00f3n el ciudadano prefiere no denunciar los delitos, por lo que se necesita darle certeza generando condiciones de igualdad para reducir a la vez la violencia.<\/p>\n\n\n\n<p>Dijo que el pa\u00eds requiere certeza jur\u00eddica, que se fortalezca el estado de derecho y que haya certidumbre para los ciudadanos en materia de seguridad.<\/p>\n\n\n\n<p>Insisti\u00f3 en que se requiere una verdadera estrategia coordinada que permita hacer frente a las condiciones actuales que viven Veracruz y el pa\u00eds.<\/p>\n","protected":false},"excerpt":{"rendered":"<p>Jes\u00fas Utrilla \/ NV Noticias Se requiere un proceso de construcci\u00f3n de paz a trav\u00e9s de iniciativas y de la generaci\u00f3n de propuestas para reducir la impunidad y garantizar la impartici\u00f3n de justicia, se\u00f1al\u00f3 Gilberto Far\u00edas Morales, presidente del Colegio de Abogados Penalistas de Veracruz. Dijo que se viven momentos cr\u00edticos de inseguridad y violencia [&hellip;]<\/p>\n","protected":false},"author":8,"featured_media":103985,"comment_status":"open","ping_status":"open","sticky":false,"template":"","format":"standard","meta":{"_monsterinsights_skip_tracking":false,"_monsterinsights_sitenote_active":false,"_monsterinsights_sitenote_note":"","_monsterinsights_sitenote_category":0,"footnotes":""},"categories":[154],"tags":[21748,2628,806],"class_list":["post-103984","post","type-post","status-publish","format-standard","has-post-thumbnail","hentry","category-veracruz","tag-gilberto-farias","tag-impunidad","tag-justicia","wp-image-borders"],"amp_enabled":true,"_links":{"self":[{"href":"https:\/\/nvnoticias.mx\/index.php\/wp-json\/wp\/v2\/posts\/103984","targetHints":{"allow":["GET"]}}],"collection":[{"href":"https:\/\/nvnoticias.mx\/index.php\/wp-json\/wp\/v2\/posts"}],"about":[{"href":"https:\/\/nvnoticias.mx\/index.php\/wp-json\/wp\/v2\/types\/post"}],"author":[{"embeddable":true,"href":"https:\/\/nvnoticias.mx\/index.php\/wp-json\/wp\/v2\/users\/8"}],"replies":[{"embeddable":true,"href":"https:\/\/nvnoticias.mx\/index.php\/wp-json\/wp\/v2\/comments?post=103984"}],"version-history":[{"count":1,"href":"https:\/\/nvnoticias.mx\/index.php\/wp-json\/wp\/v2\/posts\/103984\/revisions"}],"predecessor-version":[{"id":103986,"href":"https:\/\/nvnoticias.mx\/index.php\/wp-json\/wp\/v2\/posts\/103984\/revisions\/103986"}],"wp:featuredmedia":[{"embeddable":true,"href":"https:\/\/nvnoticias.mx\/index.php\/wp-json\/wp\/v2\/media\/103985"}],"wp:attachment":[{"href":"https:\/\/nvnoticias.mx\/index.php\/wp-json\/wp\/v2\/media?parent=103984"}],"wp:term":[{"taxonomy":"category","embeddable":true,"href":"https:\/\/nvnoticias.mx\/index.php\/wp-json\/wp\/v2\/categories?post=103984"},{"taxonomy":"post_tag","embeddable":true,"href":"https:\/\/nvnoticias.mx\/index.php\/wp-json\/wp\/v2\/tags?post=103984"}],"curies":[{"name":"wp","href":"https:\/\/api.w.org\/{rel}","templated":true}]}}