{"id":103973,"date":"2023-04-20T13:08:16","date_gmt":"2023-04-20T18:08:16","guid":{"rendered":"https:\/\/nvnoticias.mx\/?p=103973"},"modified":"2023-04-20T13:08:17","modified_gmt":"2023-04-20T18:08:17","slug":"enfermeras-senalan-que-no-es-la-primera-vez-que-se-cae-elevador-del-hospital-infantil","status":"publish","type":"post","link":"https:\/\/nvnoticias.mx\/index.php\/2023\/04\/20\/enfermeras-senalan-que-no-es-la-primera-vez-que-se-cae-elevador-del-hospital-infantil\/","title":{"rendered":"Enfermeras se\u00f1alan que no es la primera vez que se cae elevador del Hospital Infantil"},"content":{"rendered":"\n<p><strong>Jes\u00fas Utrilla \/ NV Noticias<\/strong><\/p>\n\n\n\n<p>Enfermeras desmienten a la Secretar\u00eda de Salud, afirmaron que se lesionaron al caer elevador del Hospital Infantil. Las enfermeras Claudia Cruz y Sulamita Escand\u00f3n dijeron que no las atendieron en el nosocomio, se fueron al ISSSTE por sus propios medios.<\/p>\n\n\n\n<p>Ante ello solicitaron una inspecci\u00f3n de los ascensores ya que no es la primera ocasi\u00f3n en que ocurre un accidente as\u00ed.<\/p>\n\n\n\n<p>Claudia Cruz lament\u00f3 que el secretario de salud Gerardo D\u00edaz Morales desconozca del tema y niegue la situaci\u00f3n, cuando hubo dos enfermeras lesionadas.<\/p>\n\n\n\n<blockquote class=\"wp-block-quote is-layout-flow wp-block-quote-is-layout-flow\"><p><em>\u201cFue el elevador de los familiares, \u00edbamos 3 enfermeras y acab\u00e1bamos de checar nuestra entrada cuando el elevador se desplom\u00f3 al primer piso. Ya sucedi\u00f3 en varias ocasiones, pero no hab\u00eda pasado a mayores y las compa\u00f1eras si se hab\u00edan quejado, pero nadie se hab\u00eda quejado ante los medios de comunicaci\u00f3n<\/em>\u201d.<\/p><\/blockquote>\n\n\n\n<p>El a\u00f1o pasado el elevador se desplom\u00f3 con una enfermera adentro desde cuarto piso hasta planta baja.<\/p>\n\n\n\n<blockquote class=\"wp-block-quote is-layout-flow wp-block-quote-is-layout-flow\"><p>\u201c<em>Hay elevadores en urgencias que es donde entra el personal y el de entrada general, son 4 elevadores y en los dos lugares ha pasado esto, se han atorado los elevadores, han ca\u00eddo, hasta ahorita han ca\u00eddo con personal de salud, pero no se han ca\u00eddo con un\u00a0paciente dentro<\/em>\u201d.<\/p><\/blockquote>\n\n\n\n<p>Desde que colaps\u00f3 el elevador la supervisora de turno levant\u00f3 un reporte y fue entregado a las autoridades del hospital. Record\u00f3 que los elevadores se han ca\u00eddo en 3 ocasiones desde que se abri\u00f3 el Hospital Infantil.<\/p>\n\n\n\n<p>Por la reciente ca\u00edda del elevador ambas enfermeras sufrieron esguince de segundo grado.<\/p>\n","protected":false},"excerpt":{"rendered":"<p>Jes\u00fas Utrilla \/ NV Noticias Enfermeras desmienten a la Secretar\u00eda de Salud, afirmaron que se lesionaron al caer elevador del Hospital Infantil. Las enfermeras Claudia Cruz y Sulamita Escand\u00f3n dijeron que no las atendieron en el nosocomio, se fueron al ISSSTE por sus propios medios. Ante ello solicitaron una inspecci\u00f3n de los ascensores ya que [&hellip;]<\/p>\n","protected":false},"author":8,"featured_media":103975,"comment_status":"open","ping_status":"open","sticky":false,"template":"","format":"standard","meta":{"_monsterinsights_skip_tracking":false,"_monsterinsights_sitenote_active":false,"_monsterinsights_sitenote_note":"","_monsterinsights_sitenote_category":0,"footnotes":""},"categories":[154],"tags":[24680,903,4389,162],"class_list":["post-103973","post","type-post","status-publish","format-standard","has-post-thumbnail","hentry","category-veracruz","tag-elevador","tag-enfermeras","tag-hospital-infantil-de-veracruz","tag-portada","wp-image-borders"],"amp_enabled":true,"_links":{"self":[{"href":"https:\/\/nvnoticias.mx\/index.php\/wp-json\/wp\/v2\/posts\/103973","targetHints":{"allow":["GET"]}}],"collection":[{"href":"https:\/\/nvnoticias.mx\/index.php\/wp-json\/wp\/v2\/posts"}],"about":[{"href":"https:\/\/nvnoticias.mx\/index.php\/wp-json\/wp\/v2\/types\/post"}],"author":[{"embeddable":true,"href":"https:\/\/nvnoticias.mx\/index.php\/wp-json\/wp\/v2\/users\/8"}],"replies":[{"embeddable":true,"href":"https:\/\/nvnoticias.mx\/index.php\/wp-json\/wp\/v2\/comments?post=103973"}],"version-history":[{"count":1,"href":"https:\/\/nvnoticias.mx\/index.php\/wp-json\/wp\/v2\/posts\/103973\/revisions"}],"predecessor-version":[{"id":103976,"href":"https:\/\/nvnoticias.mx\/index.php\/wp-json\/wp\/v2\/posts\/103973\/revisions\/103976"}],"wp:featuredmedia":[{"embeddable":true,"href":"https:\/\/nvnoticias.mx\/index.php\/wp-json\/wp\/v2\/media\/103975"}],"wp:attachment":[{"href":"https:\/\/nvnoticias.mx\/index.php\/wp-json\/wp\/v2\/media?parent=103973"}],"wp:term":[{"taxonomy":"category","embeddable":true,"href":"https:\/\/nvnoticias.mx\/index.php\/wp-json\/wp\/v2\/categories?post=103973"},{"taxonomy":"post_tag","embeddable":true,"href":"https:\/\/nvnoticias.mx\/index.php\/wp-json\/wp\/v2\/tags?post=103973"}],"curies":[{"name":"wp","href":"https:\/\/api.w.org\/{rel}","templated":true}]}}