{"id":103936,"date":"2023-04-20T08:22:06","date_gmt":"2023-04-20T13:22:06","guid":{"rendered":"https:\/\/nvnoticias.mx\/?p=103936"},"modified":"2023-04-20T08:22:07","modified_gmt":"2023-04-20T13:22:07","slug":"expresan-onu-y-egipto-conmocion-por-estampida-que-dejo-78-muertos-en-yemen","status":"publish","type":"post","link":"https:\/\/nvnoticias.mx\/index.php\/2023\/04\/20\/expresan-onu-y-egipto-conmocion-por-estampida-que-dejo-78-muertos-en-yemen\/","title":{"rendered":"Expresan ONU y Egipto conmoci\u00f3n por estampida que dej\u00f3 78 muertos en Yemen"},"content":{"rendered":"\n<p>Las autoridades egipcias y el enviado de la <strong>ONU<\/strong> para Yemen, Hans Grundberg, expresaron su conmoci\u00f3n por la muerte de al menos 78 personas en una <strong>estampida<\/strong> en el pa\u00eds durante el reparto de ayuda organizada unilateralmente para la festividad del fin del mes sagrado de <strong>ramad\u00e1n<\/strong>.<\/p>\n\n\n\n<p>&#8220;Toda mi oficina y yo estamos profundamente dolidos y entristecidos por la tr\u00e1gica estampida (&#8230;) mis m\u00e1s sinceras condolencias a todos los yemen\u00edes afligidos hoy, y deseo a los heridos una pronta recuperaci\u00f3n&#8221;, dijo Grundberg en su cuenta oficial en Twitter.<\/p>\n\n\n\n<p>Una postura similar expres\u00f3 el Ministerio de Exteriores de Egipto, al mostrar su &#8220;total solidaridad con el pueblo y el Gobierno del Yemen en esa dolorosa circunstancia&#8221;, seg\u00fan un comunicado oficial.<\/p>\n\n\n\n<p>La <strong>tragedia<\/strong>, una de las peores en el Yemen que no est\u00e1 relacionada con el actual conflicto, tuvo lugar en una escuela gubernamental en la ciudad antigua de <strong>San\u00e1 <\/strong>en la que estaban repartiendo cupones de 5 mil riales yemen\u00edes, alrededor de ocho d\u00f3lares en el mercado paralelo, dijeron a EFE testigos y vecinos del barrio.<\/p>\n\n\n\n<p>La multitud estaba agolpada en el patio de la escuela Al Maeen cuando los hombres armados dispararon al aire para dispersar a la gente, lo que provoc\u00f3 que intentaran huir por la puerta de la escuela y caus\u00f3 la estampida, seg\u00fan las mismas fuentes.<\/p>\n\n\n\n<p>El Ministerio de Salud hut\u00ed inform\u00f3 de que el balance de <strong>v\u00edctimas es de 78 muertos y 139 heridos<\/strong>, entre ellos 13 muy graves y 62 que sufrieron lesiones leves.<\/p>\n\n\n\n<p>Fuente: <a href=\"https:\/\/www.eluniversal.com.mx\/mundo\/onu-y-egipto-expresan-conmocion-por-estampida-que-dejo-78-muertos-en-yemen\/\" data-type=\"URL\" data-id=\"https:\/\/www.eluniversal.com.mx\/mundo\/onu-y-egipto-expresan-conmocion-por-estampida-que-dejo-78-muertos-en-yemen\/\">El Universal<\/a><\/p>\n","protected":false},"excerpt":{"rendered":"<p>Las autoridades egipcias y el enviado de la ONU para Yemen, Hans Grundberg, expresaron su conmoci\u00f3n por la muerte de al menos 78 personas en una estampida en el pa\u00eds durante el reparto de ayuda organizada unilateralmente para la festividad del fin del mes sagrado de ramad\u00e1n. &#8220;Toda mi oficina y yo estamos profundamente dolidos [&hellip;]<\/p>\n","protected":false},"author":35,"featured_media":30155,"comment_status":"open","ping_status":"open","sticky":false,"template":"","format":"standard","meta":{"_monsterinsights_skip_tracking":false,"_monsterinsights_sitenote_active":false,"_monsterinsights_sitenote_note":"","_monsterinsights_sitenote_category":0,"footnotes":""},"categories":[181],"tags":[10651,12618,3338,13277,2162,513,6908],"class_list":["post-103936","post","type-post","status-publish","format-standard","has-post-thumbnail","hentry","category-internacional","tag-conmocion","tag-egipto","tag-estampida","tag-expresan","tag-muertos","tag-onu","tag-yemen","wp-image-borders"],"amp_enabled":true,"_links":{"self":[{"href":"https:\/\/nvnoticias.mx\/index.php\/wp-json\/wp\/v2\/posts\/103936","targetHints":{"allow":["GET"]}}],"collection":[{"href":"https:\/\/nvnoticias.mx\/index.php\/wp-json\/wp\/v2\/posts"}],"about":[{"href":"https:\/\/nvnoticias.mx\/index.php\/wp-json\/wp\/v2\/types\/post"}],"author":[{"embeddable":true,"href":"https:\/\/nvnoticias.mx\/index.php\/wp-json\/wp\/v2\/users\/35"}],"replies":[{"embeddable":true,"href":"https:\/\/nvnoticias.mx\/index.php\/wp-json\/wp\/v2\/comments?post=103936"}],"version-history":[{"count":1,"href":"https:\/\/nvnoticias.mx\/index.php\/wp-json\/wp\/v2\/posts\/103936\/revisions"}],"predecessor-version":[{"id":103937,"href":"https:\/\/nvnoticias.mx\/index.php\/wp-json\/wp\/v2\/posts\/103936\/revisions\/103937"}],"wp:featuredmedia":[{"embeddable":true,"href":"https:\/\/nvnoticias.mx\/index.php\/wp-json\/wp\/v2\/media\/30155"}],"wp:attachment":[{"href":"https:\/\/nvnoticias.mx\/index.php\/wp-json\/wp\/v2\/media?parent=103936"}],"wp:term":[{"taxonomy":"category","embeddable":true,"href":"https:\/\/nvnoticias.mx\/index.php\/wp-json\/wp\/v2\/categories?post=103936"},{"taxonomy":"post_tag","embeddable":true,"href":"https:\/\/nvnoticias.mx\/index.php\/wp-json\/wp\/v2\/tags?post=103936"}],"curies":[{"name":"wp","href":"https:\/\/api.w.org\/{rel}","templated":true}]}}