{"id":103930,"date":"2023-04-20T08:04:31","date_gmt":"2023-04-20T13:04:31","guid":{"rendered":"https:\/\/nvnoticias.mx\/?p=103930"},"modified":"2023-04-20T08:26:58","modified_gmt":"2023-04-20T13:26:58","slug":"celebra-hacienda-compra-de-plantas-de-iberdrola","status":"publish","type":"post","link":"https:\/\/nvnoticias.mx\/index.php\/2023\/04\/20\/celebra-hacienda-compra-de-plantas-de-iberdrola\/","title":{"rendered":"\u2018Celebra\u2019 Hacienda compra de plantas de Iberdrola"},"content":{"rendered":"\n<p>La <a rel=\"noreferrer noopener\" href=\"https:\/\/www.elfinanciero.com.mx\/economia\/2021\/09\/13\/ramirez-de-la-o-pone-fecha-economia-regresara-a-nivel-prepandemia-en-2022\/\" target=\"_blank\"><strong>Secretar\u00eda de Hacienda<\/strong><\/a> defendi\u00f3 la compra de las 13 plantas de Iberdrola al asegurar que no incurrir\u00e1 en<a rel=\"noreferrer noopener\" href=\"https:\/\/www.elfinanciero.com.mx\/economia\/2023\/04\/19\/compra-de-plantas-de-iberdrola-asi-es-el-plan-del-gobierno-para-pagarlas\/\" target=\"_blank\"><strong>endeudamiento<\/strong><\/a>y que los <strong>recursos <\/strong>ser\u00e1n recuperados en un lapso de 10 a\u00f1os con los <strong>flujos de ingresos<\/strong> de la <strong>generaci\u00f3n y venta de electricidad<\/strong>, asegur\u00f3 el titular de la dependencia, <a rel=\"noreferrer noopener\" href=\"https:\/\/www.elfinanciero.com.mx\/opinion\/dario-celis\/2021\/07\/19\/el-largo-camino-de-ramirez-de-la-o\/\" target=\"_blank\"><strong>Rogelio Ram\u00edrez de la O<\/strong><\/a><strong>, <\/strong>al participar en la conferencia matutina de Palacio Nacional.<\/p>\n\n\n\n<p>El funcionario precis\u00f3 que \u201cel<a rel=\"noreferrer noopener\" href=\"https:\/\/www.elfinanciero.com.mx\/opinion\/dario-celis\/2023\/04\/17\/el-amigo-atras-de-la-compra-a-iberdrola\/\" target=\"_blank\"><strong>financiamiento<\/strong><\/a> est\u00e1 m\u00e1s que asegurado por parte nuestra, para que el <strong>Fonadin <\/strong>aporte el 100 por ciento de <strong>capital de riesgo<\/strong>, y el mercado est\u00e1 ya desde estas alturas a\u00fan sin conocer los detalles, ofreci\u00e9ndonos el <strong>financiamiento <\/strong>restante para completar los recursos para la <strong>compra,<\/strong> cuyo monto total asciende a 5 mil 900 millones de d\u00f3lares\u201d.<\/p>\n\n\n\n<p>Sin embargo, <strong>Manuel Molano<\/strong>, profesor de Econom\u00eda del Tec de Monterrey, expuso que puede ser que el capital se pague como dice el<a rel=\"noreferrer noopener\" href=\"https:\/\/www.elfinanciero.com.mx\/economia\/2023\/04\/14\/hacienda-abraza-a-la-gasolina-premium\/\" target=\"_blank\"><strong>secretario de Hacienda<\/strong><\/a>. \u201cLa pregunta es s\u00ed hay opciones m\u00e1s<strong> rentables<\/strong>, lo cual es dif\u00edcil de responder ahora que las <strong>tasas <\/strong>son m\u00e1s elevadas&#8230; \u201cseguramente la inversi\u00f3n en alg\u00fan rubro de <a rel=\"noreferrer noopener\" href=\"https:\/\/www.elfinanciero.com.mx\/opinion\/jacques-rogozinski\/2023\/04\/17\/iberdrola-locura-o-acierto\/\" target=\"_blank\"><strong>energ\u00edas renovables<\/strong><\/a>es m\u00e1s rentable a las tasas de hoy\u201d.<\/p>\n\n\n\n<blockquote class=\"wp-block-quote is-layout-flow wp-block-quote-is-layout-flow\"><p>\u201cPuede que tenga una tasa de retorno social mucho m\u00e1s alta invertir en <strong>salud, seguridad p\u00fablica y educaci\u00f3n<\/strong>\u201d, dijo.<\/p><\/blockquote>\n\n\n\n<p>Fuente: <a href=\"https:\/\/www.elfinanciero.com.mx\/economia\/2023\/04\/20\/hacienda-celebra-compra-de-plantas-de-iberdrola\/\" data-type=\"URL\" data-id=\"https:\/\/www.elfinanciero.com.mx\/economia\/2023\/04\/20\/hacienda-celebra-compra-de-plantas-de-iberdrola\/\">El Financiero<\/a><\/p>\n","protected":false},"excerpt":{"rendered":"<p>La Secretar\u00eda de Hacienda defendi\u00f3 la compra de las 13 plantas de Iberdrola al asegurar que no incurrir\u00e1 enendeudamientoy que los recursos ser\u00e1n recuperados en un lapso de 10 a\u00f1os con los flujos de ingresos de la generaci\u00f3n y venta de electricidad, asegur\u00f3 el titular de la dependencia, Rogelio Ram\u00edrez de la O, al participar [&hellip;]<\/p>\n","protected":false},"author":35,"featured_media":72494,"comment_status":"open","ping_status":"open","sticky":false,"template":"","format":"standard","meta":{"_monsterinsights_skip_tracking":false,"_monsterinsights_sitenote_active":false,"_monsterinsights_sitenote_note":"","_monsterinsights_sitenote_category":0,"footnotes":""},"categories":[158],"tags":[9689,3975,2698,13169,15727,162],"class_list":["post-103930","post","type-post","status-publish","format-standard","has-post-thumbnail","hentry","category-politica","tag-celebra","tag-compra","tag-hacienda","tag-iberdrola","tag-plantas","tag-portada","wp-image-borders"],"amp_enabled":true,"_links":{"self":[{"href":"https:\/\/nvnoticias.mx\/index.php\/wp-json\/wp\/v2\/posts\/103930","targetHints":{"allow":["GET"]}}],"collection":[{"href":"https:\/\/nvnoticias.mx\/index.php\/wp-json\/wp\/v2\/posts"}],"about":[{"href":"https:\/\/nvnoticias.mx\/index.php\/wp-json\/wp\/v2\/types\/post"}],"author":[{"embeddable":true,"href":"https:\/\/nvnoticias.mx\/index.php\/wp-json\/wp\/v2\/users\/35"}],"replies":[{"embeddable":true,"href":"https:\/\/nvnoticias.mx\/index.php\/wp-json\/wp\/v2\/comments?post=103930"}],"version-history":[{"count":1,"href":"https:\/\/nvnoticias.mx\/index.php\/wp-json\/wp\/v2\/posts\/103930\/revisions"}],"predecessor-version":[{"id":103931,"href":"https:\/\/nvnoticias.mx\/index.php\/wp-json\/wp\/v2\/posts\/103930\/revisions\/103931"}],"wp:featuredmedia":[{"embeddable":true,"href":"https:\/\/nvnoticias.mx\/index.php\/wp-json\/wp\/v2\/media\/72494"}],"wp:attachment":[{"href":"https:\/\/nvnoticias.mx\/index.php\/wp-json\/wp\/v2\/media?parent=103930"}],"wp:term":[{"taxonomy":"category","embeddable":true,"href":"https:\/\/nvnoticias.mx\/index.php\/wp-json\/wp\/v2\/categories?post=103930"},{"taxonomy":"post_tag","embeddable":true,"href":"https:\/\/nvnoticias.mx\/index.php\/wp-json\/wp\/v2\/tags?post=103930"}],"curies":[{"name":"wp","href":"https:\/\/api.w.org\/{rel}","templated":true}]}}