{"id":103877,"date":"2023-04-19T16:01:24","date_gmt":"2023-04-19T21:01:24","guid":{"rendered":"https:\/\/nvnoticias.mx\/?p=103877"},"modified":"2023-04-19T16:01:25","modified_gmt":"2023-04-19T21:01:25","slug":"anuncia-sobrino-de-john-f-kennedy-candidatura-a-la-presidencia-de-eu","status":"publish","type":"post","link":"https:\/\/nvnoticias.mx\/index.php\/2023\/04\/19\/anuncia-sobrino-de-john-f-kennedy-candidatura-a-la-presidencia-de-eu\/","title":{"rendered":"Anuncia sobrino de John F. Kennedy candidatura a la presidencia de EU"},"content":{"rendered":"\n<p>Robert Kennedy Jr, un reconocido opositor a las vacunas y sobrino del asesinado presidente de Estados Unidos John Fitzgerald Kennedy (JFK), anunci\u00f3 formalmente el mi\u00e9rcoles su aspiraci\u00f3n a ocupar la Casa Blanca.<\/p>\n\n\n\n<p>El pol\u00edtico de 69 a\u00f1os pretende competir por la nominaci\u00f3n dem\u00f3crata contra Joe Biden, quien no ha anunciado su candidatura por la reelecci\u00f3n pero ha dicho que planea hacerlo.<\/p>\n\n\n\n<p>Robert Kennedy Jr es hijo del ex fiscal general de Estados Unidos Robert Kennedy (RFK), quien fue asesinado cuando era candidato presidencial.<\/p>\n\n\n\n<p>Los cr\u00edmenes contra los Kennedy, JFK en 1963 y RFK durante la campa\u00f1a presidencial de 1968, se cuentan entre los mayores eventos de la historia estadunidense del siglo pasado.<\/p>\n\n\n\n<p>Robert Kennedy Jr trabaj\u00f3 durante d\u00e9cadas como abogado ambientalista pero en 2005 se hizo conocido por teor\u00edas conspiratorias sobre las vacunas, a las que vincul\u00f3 con el autismo.<\/p>\n\n\n\n<blockquote class=\"wp-block-quote is-layout-flow wp-block-quote-is-layout-flow\"><p>&#8220;Vine hoy para anunciar mi candidatura para la nominaci\u00f3n dem\u00f3crata a la presidencia de Estados Unidos&#8221;, dijo en un acto en Massachusetts, basti\u00f3n de los Kennedy.<\/p><\/blockquote>\n\n\n\n<p>En su discurso prometi\u00f3 terminar con las divisiones pol\u00edticas en Estados Unidos &#8220;diciendo la verdad al pueblo&#8221;.<\/p>\n\n\n\n<p>Pese a su distinguido apellido es improbable que le gane la candidatura a Biden, cuya formalizaci\u00f3n a\u00fan no tiene fecha programada.<\/p>\n\n\n\n<p>Otros pol\u00edticos dijeron tener intenciones de enfrentar al presidente de 80 a\u00f1os, pero todav\u00eda no se lanzaron a la arena dem\u00f3crata.<br><\/p>\n\n\n\n<p>Fuente: <a href=\"https:\/\/www.milenio.com\/internacional\/sobrino-john-kennedy-anuncia-candidatura-presidencia-eu\" data-type=\"URL\" data-id=\"https:\/\/www.milenio.com\/internacional\/sobrino-john-kennedy-anuncia-candidatura-presidencia-eu\">Milenio<\/a><\/p>\n","protected":false},"excerpt":{"rendered":"<p>Robert Kennedy Jr, un reconocido opositor a las vacunas y sobrino del asesinado presidente de Estados Unidos John Fitzgerald Kennedy (JFK), anunci\u00f3 formalmente el mi\u00e9rcoles su aspiraci\u00f3n a ocupar la Casa Blanca. El pol\u00edtico de 69 a\u00f1os pretende competir por la nominaci\u00f3n dem\u00f3crata contra Joe Biden, quien no ha anunciado su candidatura por la reelecci\u00f3n [&hellip;]<\/p>\n","protected":false},"author":35,"featured_media":103879,"comment_status":"open","ping_status":"open","sticky":false,"template":"","format":"standard","meta":{"_monsterinsights_skip_tracking":false,"_monsterinsights_sitenote_active":false,"_monsterinsights_sitenote_note":"","_monsterinsights_sitenote_category":0,"footnotes":""},"categories":[181],"tags":[7791,183,6777,24696,17429],"class_list":["post-103877","post","type-post","status-publish","format-standard","has-post-thumbnail","hentry","category-internacional","tag-anuncia","tag-estados-unidos","tag-john-f-kennedy","tag-robert-kennedy-jr","tag-sobrino","wp-image-borders"],"amp_enabled":true,"_links":{"self":[{"href":"https:\/\/nvnoticias.mx\/index.php\/wp-json\/wp\/v2\/posts\/103877","targetHints":{"allow":["GET"]}}],"collection":[{"href":"https:\/\/nvnoticias.mx\/index.php\/wp-json\/wp\/v2\/posts"}],"about":[{"href":"https:\/\/nvnoticias.mx\/index.php\/wp-json\/wp\/v2\/types\/post"}],"author":[{"embeddable":true,"href":"https:\/\/nvnoticias.mx\/index.php\/wp-json\/wp\/v2\/users\/35"}],"replies":[{"embeddable":true,"href":"https:\/\/nvnoticias.mx\/index.php\/wp-json\/wp\/v2\/comments?post=103877"}],"version-history":[{"count":1,"href":"https:\/\/nvnoticias.mx\/index.php\/wp-json\/wp\/v2\/posts\/103877\/revisions"}],"predecessor-version":[{"id":103880,"href":"https:\/\/nvnoticias.mx\/index.php\/wp-json\/wp\/v2\/posts\/103877\/revisions\/103880"}],"wp:featuredmedia":[{"embeddable":true,"href":"https:\/\/nvnoticias.mx\/index.php\/wp-json\/wp\/v2\/media\/103879"}],"wp:attachment":[{"href":"https:\/\/nvnoticias.mx\/index.php\/wp-json\/wp\/v2\/media?parent=103877"}],"wp:term":[{"taxonomy":"category","embeddable":true,"href":"https:\/\/nvnoticias.mx\/index.php\/wp-json\/wp\/v2\/categories?post=103877"},{"taxonomy":"post_tag","embeddable":true,"href":"https:\/\/nvnoticias.mx\/index.php\/wp-json\/wp\/v2\/tags?post=103877"}],"curies":[{"name":"wp","href":"https:\/\/api.w.org\/{rel}","templated":true}]}}