{"id":103863,"date":"2023-04-19T15:34:59","date_gmt":"2023-04-19T20:34:59","guid":{"rendered":"https:\/\/nvnoticias.mx\/?p=103863"},"modified":"2023-04-19T15:35:00","modified_gmt":"2023-04-19T20:35:00","slug":"tendra-twilight-su-serie-a-11-anos-de-estrenarse-la-ultima-pelicula-de-la-saga","status":"publish","type":"post","link":"https:\/\/nvnoticias.mx\/index.php\/2023\/04\/19\/tendra-twilight-su-serie-a-11-anos-de-estrenarse-la-ultima-pelicula-de-la-saga\/","title":{"rendered":"Tendr\u00e1 Twilight su serie a 11 a\u00f1os de estrenarse la \u00faltima pel\u00edcula de la saga"},"content":{"rendered":"\n<p>Fans de<a href=\"https:\/\/www.sdpnoticias.com\/espectaculos\/cine\/crepusculo-en-cinepolis-a-14-anos-de-estrenarse-la-saga-regresa-al-cine\/\" target=\"_blank\" rel=\"noreferrer noopener\"><strong> Crep\u00fasculo<\/strong><\/a> no lo van a creer, pues la<strong> famosa saga tendr\u00e1 su propia serie a 11 a\u00f1os de estrenarse la \u00faltima pel\u00edcula<\/strong> de esta historia de vampiros.<\/p>\n\n\n\n<p>La historia de <strong>Crep\u00fasculo <\/strong>se une a la saga de <a rel=\"noreferrer noopener\" href=\"https:\/\/www.sdpnoticias.com\/espectaculos\/television\/hbo-confirma-serie-de-harry-potter-para-celebrar-su-cambio-de-nombre\/\" target=\"_blank\">Harry Potter <\/a>en este revival, luego de que la productora Lionsgate Television se encuentre preparando una <strong>serie de Twilight.<\/strong><\/p>\n\n\n\n<p>De acuerdo con The Hollywood Reporter, <strong>Lionsgate Television se encuentra desarrollando una serie basada en la saga de Crep\u00fasculo.<\/strong><\/p>\n\n\n\n<p>Noticia que llega 11 a\u00f1os despu\u00e9s de estrenarse la \u00faltima pel\u00edcula -Amanecer parte 2- de la saga<strong> Crep\u00fasculo<\/strong> en 2012.<\/p>\n\n\n\n<p>Se sabe que la serie -adaptada de la saga <strong>Crep\u00fasculo<\/strong>&#8211; se encuentra en la etapa inicial de desarrollo de una producci\u00f3n en la pantalla chica.<\/p>\n\n\n\n<p>Asimismo, se espera que <strong>Stephenie Meyer<\/strong> -de 49 a\u00f1os de edad- y autora de la saga literaria Crep\u00fasculo, est\u00e9 involucrada en la nueva adaptaci\u00f3n para la televisi\u00f3n.<\/p>\n\n\n\n<p>En lo poco detalles que se han filtrado, esta serie tendr\u00eda entre sus involucrados, a los mismos encargados de la saga cinematogr\u00e1fica de <strong>Crep\u00fasculo.<\/strong><\/p>\n\n\n\n<p>Por lo que detr\u00e1s de la serie de <strong>Crep\u00fasculo <\/strong>se encuentran Erik Feig y Wyck Godfrey -de edades desconocidas- como productores ejecutivos.<\/p>\n\n\n\n<p>Fuente: <a href=\"https:\/\/www.sdpnoticias.com\/espectaculos\/television\/crepusculo-tendra-su-serie-a-11-anos-de-estrenarse-la-ultima-pelicula-de-la-saga\/\" data-type=\"URL\" data-id=\"https:\/\/www.sdpnoticias.com\/espectaculos\/television\/crepusculo-tendra-su-serie-a-11-anos-de-estrenarse-la-ultima-pelicula-de-la-saga\/\">SPDNoticias <\/a><\/p>\n","protected":false},"excerpt":{"rendered":"<p>Fans de Crep\u00fasculo no lo van a creer, pues la famosa saga tendr\u00e1 su propia serie a 11 a\u00f1os de estrenarse la \u00faltima pel\u00edcula de esta historia de vampiros. La historia de Crep\u00fasculo se une a la saga de Harry Potter en este revival, luego de que la productora Lionsgate Television se encuentre preparando una [&hellip;]<\/p>\n","protected":false},"author":35,"featured_media":103865,"comment_status":"open","ping_status":"open","sticky":false,"template":"","format":"standard","meta":{"_monsterinsights_skip_tracking":false,"_monsterinsights_sitenote_active":false,"_monsterinsights_sitenote_note":"","_monsterinsights_sitenote_category":0,"footnotes":""},"categories":[576],"tags":[20756,1699,22967],"class_list":["post-103863","post","type-post","status-publish","format-standard","has-post-thumbnail","hentry","category-ocio","tag-saga","tag-serie","tag-twilight","wp-image-borders"],"amp_enabled":true,"_links":{"self":[{"href":"https:\/\/nvnoticias.mx\/index.php\/wp-json\/wp\/v2\/posts\/103863","targetHints":{"allow":["GET"]}}],"collection":[{"href":"https:\/\/nvnoticias.mx\/index.php\/wp-json\/wp\/v2\/posts"}],"about":[{"href":"https:\/\/nvnoticias.mx\/index.php\/wp-json\/wp\/v2\/types\/post"}],"author":[{"embeddable":true,"href":"https:\/\/nvnoticias.mx\/index.php\/wp-json\/wp\/v2\/users\/35"}],"replies":[{"embeddable":true,"href":"https:\/\/nvnoticias.mx\/index.php\/wp-json\/wp\/v2\/comments?post=103863"}],"version-history":[{"count":1,"href":"https:\/\/nvnoticias.mx\/index.php\/wp-json\/wp\/v2\/posts\/103863\/revisions"}],"predecessor-version":[{"id":103866,"href":"https:\/\/nvnoticias.mx\/index.php\/wp-json\/wp\/v2\/posts\/103863\/revisions\/103866"}],"wp:featuredmedia":[{"embeddable":true,"href":"https:\/\/nvnoticias.mx\/index.php\/wp-json\/wp\/v2\/media\/103865"}],"wp:attachment":[{"href":"https:\/\/nvnoticias.mx\/index.php\/wp-json\/wp\/v2\/media?parent=103863"}],"wp:term":[{"taxonomy":"category","embeddable":true,"href":"https:\/\/nvnoticias.mx\/index.php\/wp-json\/wp\/v2\/categories?post=103863"},{"taxonomy":"post_tag","embeddable":true,"href":"https:\/\/nvnoticias.mx\/index.php\/wp-json\/wp\/v2\/tags?post=103863"}],"curies":[{"name":"wp","href":"https:\/\/api.w.org\/{rel}","templated":true}]}}