{"id":103843,"date":"2023-04-19T13:52:44","date_gmt":"2023-04-19T18:52:44","guid":{"rendered":"https:\/\/nvnoticias.mx\/?p=103843"},"modified":"2023-04-19T13:52:45","modified_gmt":"2023-04-19T18:52:45","slug":"piden-medicos-y-equipos-para-el-hospital-infantil-de-veracruz","status":"publish","type":"post","link":"https:\/\/nvnoticias.mx\/index.php\/2023\/04\/19\/piden-medicos-y-equipos-para-el-hospital-infantil-de-veracruz\/","title":{"rendered":"Piden m\u00e9dicos y equipos para el Hospital Infantil de Veracruz"},"content":{"rendered":"\n<p><strong>Jes\u00fas Utrilla \/ NV Noticias<\/strong><\/p>\n\n\n\n<p>La Torre Pedi\u00e1trica requiere un m\u00e9dico internista, neum\u00f3logo, adem\u00e1s se requiere que pongan la marcha el quir\u00f3fano inteligente para brindar un mejor servicio a los pacientes.\u00a0<\/p>\n\n\n\n<p>Cora de Jes\u00fas Rodr\u00edguez, vocera de los padres de ni\u00f1os con c\u00e1ncer en Veracruz, confi\u00f3 en que a la brevedad se resuelvan los problemas de que presenta el hospital, ya que se afecta principalmente a los menores por la falta de m\u00e9dicos.<\/p>\n\n\n\n<blockquote class=\"wp-block-quote is-layout-flow wp-block-quote-is-layout-flow\"><p>\u201c<em>Vamos a solicitarlo, esperamos que nuestro presidente AMLO nos mande aunque sea un cubano para que tengamos especialista, que nos den la oportunidad de tener m\u00e9dico y que el servicio en la torre Pedi\u00e1trica sea mucho mejor\u201d.<\/em><\/p><\/blockquote>\n\n\n\n<p>Se\u00f1al\u00f3 que adem\u00e1s se requiere un resonador, que desde hace a\u00f1os han solicitado y las autoridades se comprometieron a instalarlo, pero no existen avances<\/p>\n\n\n\n<p>.Record\u00f3 que dos elevadores de la Torre Pedi\u00e1trica se encontraban descompuestos, sin embargo, uno ya fue reparado.<\/p>\n\n\n\n<blockquote class=\"wp-block-quote is-layout-flow wp-block-quote-is-layout-flow\"><p>\u201c<em>El problema era el clima, ese es un problema constante que se descompone, los calores son insoportables, ning\u00fan ventilador es suficiente y sabemos que los ni\u00f1os con C\u00e1ncer batallan con ese tema, posteriormente fueron los elevadores que tambi\u00e9n es un tema de mucho tiempo<\/em>\u201d.<\/p><\/blockquote>\n\n\n\n<p>Por \u00faltimo, confi\u00f3 en que la reuni\u00f3n que sostuvieron con Juan Antonio Ferrer, titular del INSABI de frutos y se puedan resolver los problemas de la Torre Pedi\u00e1trica.<\/p>\n","protected":false},"excerpt":{"rendered":"<p>Jes\u00fas Utrilla \/ NV Noticias La Torre Pedi\u00e1trica requiere un m\u00e9dico internista, neum\u00f3logo, adem\u00e1s se requiere que pongan la marcha el quir\u00f3fano inteligente para brindar un mejor servicio a los pacientes.\u00a0 Cora de Jes\u00fas Rodr\u00edguez, vocera de los padres de ni\u00f1os con c\u00e1ncer en Veracruz, confi\u00f3 en que a la brevedad se resuelvan los problemas [&hellip;]<\/p>\n","protected":false},"author":8,"featured_media":103844,"comment_status":"open","ping_status":"open","sticky":false,"template":"","format":"standard","meta":{"_monsterinsights_skip_tracking":false,"_monsterinsights_sitenote_active":false,"_monsterinsights_sitenote_note":"","_monsterinsights_sitenote_category":0,"footnotes":""},"categories":[154],"tags":[3828,4389,317],"class_list":["post-103843","post","type-post","status-publish","format-standard","has-post-thumbnail","hentry","category-veracruz","tag-equipos","tag-hospital-infantil-de-veracruz","tag-medicos","wp-image-borders"],"amp_enabled":true,"_links":{"self":[{"href":"https:\/\/nvnoticias.mx\/index.php\/wp-json\/wp\/v2\/posts\/103843","targetHints":{"allow":["GET"]}}],"collection":[{"href":"https:\/\/nvnoticias.mx\/index.php\/wp-json\/wp\/v2\/posts"}],"about":[{"href":"https:\/\/nvnoticias.mx\/index.php\/wp-json\/wp\/v2\/types\/post"}],"author":[{"embeddable":true,"href":"https:\/\/nvnoticias.mx\/index.php\/wp-json\/wp\/v2\/users\/8"}],"replies":[{"embeddable":true,"href":"https:\/\/nvnoticias.mx\/index.php\/wp-json\/wp\/v2\/comments?post=103843"}],"version-history":[{"count":1,"href":"https:\/\/nvnoticias.mx\/index.php\/wp-json\/wp\/v2\/posts\/103843\/revisions"}],"predecessor-version":[{"id":103845,"href":"https:\/\/nvnoticias.mx\/index.php\/wp-json\/wp\/v2\/posts\/103843\/revisions\/103845"}],"wp:featuredmedia":[{"embeddable":true,"href":"https:\/\/nvnoticias.mx\/index.php\/wp-json\/wp\/v2\/media\/103844"}],"wp:attachment":[{"href":"https:\/\/nvnoticias.mx\/index.php\/wp-json\/wp\/v2\/media?parent=103843"}],"wp:term":[{"taxonomy":"category","embeddable":true,"href":"https:\/\/nvnoticias.mx\/index.php\/wp-json\/wp\/v2\/categories?post=103843"},{"taxonomy":"post_tag","embeddable":true,"href":"https:\/\/nvnoticias.mx\/index.php\/wp-json\/wp\/v2\/tags?post=103843"}],"curies":[{"name":"wp","href":"https:\/\/api.w.org\/{rel}","templated":true}]}}