{"id":103815,"date":"2023-04-19T13:14:01","date_gmt":"2023-04-19T18:14:01","guid":{"rendered":"https:\/\/nvnoticias.mx\/?p=103815"},"modified":"2023-04-19T13:14:02","modified_gmt":"2023-04-19T18:14:02","slug":"veracruz-obtuvo-un-nombramiento-de-barrios-magicos","status":"publish","type":"post","link":"https:\/\/nvnoticias.mx\/index.php\/2023\/04\/19\/veracruz-obtuvo-un-nombramiento-de-barrios-magicos\/","title":{"rendered":"Veracruz obtuvo un nombramiento de \u201cBarrios M\u00e1gicos\u201d"},"content":{"rendered":"\n<p><strong>Sam Ojeda \/ NV Noticias<\/strong><\/p>\n\n\n\n<p>Xalapa.- El secretario de Turismo, Iv\u00e1n Mart\u00ednez Olvera., indic\u00f3 que el estado de Veracruz obtuvo al menos un nombramiento para el programa federal de \u201cBarrios M\u00e1gicos\u201d.&nbsp;<\/p>\n\n\n\n<p>La Secretar\u00eda de Turismo federal seleccion\u00f3 a uno de los barrios de El Dique, Xallitic en Xalapa \u00e9l y La Huaca en el puerto de Veracruz, entre otros.<\/p>\n\n\n\n<p>Mart\u00ednez Olvera indic\u00f3 que ser\u00e1 en pr\u00f3ximos d\u00edas cuando se d\u00e9 a conocer el barrio seleccionado.&nbsp;<\/p>\n\n\n\n<p>Dijo que es de los barrios m\u00e1s emblem\u00e1ticos del estado, por su historia y lo que representa para los veracruzanos.<\/p>\n\n\n\n<blockquote class=\"wp-block-quote is-layout-flow wp-block-quote-is-layout-flow\"><p>&#8220;<em>Barrios M\u00e1gicos ya est\u00e1, solamente esperando la fecha ya est\u00e1 definido, es un barrio m\u00e1gico que se ha trabajado mucho en su imagen, en el desarrollo ya se estar\u00e1 presentando a nivel federal, estamos esperando cita para darlo a conocer.<\/em>&#8220;<\/p><\/blockquote>\n\n\n\n<p>Y que se trata de un lugar caracter\u00edstico por su historia, leyendas y bailes y que este mes cumple 20 a\u00f1os de tradici\u00f3n y lo festeja con diversos eventos art\u00edsticos y culturales.<\/p>\n\n\n\n<p>Tambi\u00e9n se\u00f1al\u00f3 que a partir de su elecci\u00f3n las autoridades municipales deben invertir para mantener su imagen y continuar en esta categor\u00eda.&nbsp;<\/p>\n","protected":false},"excerpt":{"rendered":"<p>Sam Ojeda \/ NV Noticias Xalapa.- El secretario de Turismo, Iv\u00e1n Mart\u00ednez Olvera., indic\u00f3 que el estado de Veracruz obtuvo al menos un nombramiento para el programa federal de \u201cBarrios M\u00e1gicos\u201d.&nbsp; La Secretar\u00eda de Turismo federal seleccion\u00f3 a uno de los barrios de El Dique, Xallitic en Xalapa \u00e9l y La Huaca en el puerto [&hellip;]<\/p>\n","protected":false},"author":8,"featured_media":103816,"comment_status":"open","ping_status":"open","sticky":false,"template":"","format":"standard","meta":{"_monsterinsights_skip_tracking":false,"_monsterinsights_sitenote_active":false,"_monsterinsights_sitenote_note":"","_monsterinsights_sitenote_category":0,"footnotes":""},"categories":[156],"tags":[24686,180],"class_list":["post-103815","post","type-post","status-publish","format-standard","has-post-thumbnail","hentry","category-estado","tag-barrios-magicos","tag-veracruz","wp-image-borders"],"amp_enabled":true,"_links":{"self":[{"href":"https:\/\/nvnoticias.mx\/index.php\/wp-json\/wp\/v2\/posts\/103815","targetHints":{"allow":["GET"]}}],"collection":[{"href":"https:\/\/nvnoticias.mx\/index.php\/wp-json\/wp\/v2\/posts"}],"about":[{"href":"https:\/\/nvnoticias.mx\/index.php\/wp-json\/wp\/v2\/types\/post"}],"author":[{"embeddable":true,"href":"https:\/\/nvnoticias.mx\/index.php\/wp-json\/wp\/v2\/users\/8"}],"replies":[{"embeddable":true,"href":"https:\/\/nvnoticias.mx\/index.php\/wp-json\/wp\/v2\/comments?post=103815"}],"version-history":[{"count":1,"href":"https:\/\/nvnoticias.mx\/index.php\/wp-json\/wp\/v2\/posts\/103815\/revisions"}],"predecessor-version":[{"id":103817,"href":"https:\/\/nvnoticias.mx\/index.php\/wp-json\/wp\/v2\/posts\/103815\/revisions\/103817"}],"wp:featuredmedia":[{"embeddable":true,"href":"https:\/\/nvnoticias.mx\/index.php\/wp-json\/wp\/v2\/media\/103816"}],"wp:attachment":[{"href":"https:\/\/nvnoticias.mx\/index.php\/wp-json\/wp\/v2\/media?parent=103815"}],"wp:term":[{"taxonomy":"category","embeddable":true,"href":"https:\/\/nvnoticias.mx\/index.php\/wp-json\/wp\/v2\/categories?post=103815"},{"taxonomy":"post_tag","embeddable":true,"href":"https:\/\/nvnoticias.mx\/index.php\/wp-json\/wp\/v2\/tags?post=103815"}],"curies":[{"name":"wp","href":"https:\/\/api.w.org\/{rel}","templated":true}]}}