{"id":103790,"date":"2023-04-19T12:17:43","date_gmt":"2023-04-19T17:17:43","guid":{"rendered":"https:\/\/nvnoticias.mx\/?p=103790"},"modified":"2023-04-19T12:17:45","modified_gmt":"2023-04-19T17:17:45","slug":"responde-inai-a-amlo","status":"publish","type":"post","link":"https:\/\/nvnoticias.mx\/index.php\/2023\/04\/19\/responde-inai-a-amlo\/","title":{"rendered":"Responde Inai a AMLO"},"content":{"rendered":"\n<p>El Pleno del\u00a0<strong>Instituto Nacional de Transparencia, Acceso a la Informaci\u00f3n y Protecci\u00f3n de Datos Personales<\/strong>\u00a0(<strong>INAI<\/strong>) expres\u00f3 su preocupaci\u00f3n por las recientes declaraciones del\u00a0<strong>presidente Andr\u00e9s Manuel L\u00f3pez Obrador<\/strong>\u00a0y del secretario de\u00a0<strong>Gobernaci\u00f3n, Ad\u00e1n Augusto L\u00f3pez<\/strong>, mismas que calificaron c\u00f3mo &#8220;constantes descalificaciones&#8221;.<\/p>\n\n\n\n<blockquote class=\"wp-block-quote is-layout-flow wp-block-quote-is-layout-flow\"><p>&#8220;El Pleno del INAI, conformado actualmente por la Comisionada Presidenta Blanca Lilia Ibarra Cadena; las Comisionadas Josefina Rom\u00e1n Vergara y Norma Julieta del R\u00edo Venegas, y el Comisionado Adri\u00e1n Alcal\u00e1 M\u00e9ndez, lamenta las descalificaciones y se\u00f1alamientos del Gobierno Federal, ya que denotan desconocimiento sobre las responsabilidades constitucionales del Instituto y atentan contra su autonom\u00eda e independencia, por lo que hace un llamado al Poder Ejecutivo a entablar un di\u00e1logo abierto, plural y democr\u00e1tico&#8221;, expusieron a trav\u00e9s de un comunicado.<\/p><\/blockquote>\n\n\n\n<p>Luego de que el Ejecutivo Federal asegur\u00f3 que dicho Instituto es un &#8220;cero a la izquierda&#8221;, las y los integrantes se\u00f1alaron que a lo largo de 20 a\u00f1os, &#8220;el INAI ha dado muestra fehaciente de su pertinencia dentro del aparato democr\u00e1tico mexicano para que la sociedad pueda ejercer y hacer valer sus derechos de acceso a la informaci\u00f3n y de protecci\u00f3n de datos personales&#8221;.<\/p>\n\n\n\n<p><\/p>\n\n\n\n<p>Advirtieron que los se\u00f1alamientos del Gobierno Federal pretenden comprometer la existencia del organismo garante, &#8220;pero sobre todo vulneran la garant\u00eda de estos dos derechos fundamentales, consagrados en la Constituci\u00f3n mexicana, los cuales abren la posibilidad de que las personas exijan y hagan valer otros derechos humanos&#8221;.<\/p>\n\n\n\n<p>Advirtieron que los se\u00f1alamientos del Gobierno Federal pretenden comprometer la existencia del organismo garante, &#8220;pero sobre todo vulneran la garant\u00eda de estos dos derechos fundamentales, consagrados en la Constituci\u00f3n mexicana, los cuales abren la posibilidad de que las personas exijan y hagan valer otros derechos humanos&#8221;.<\/p>\n\n\n\n<p>Las y los comisionados, afirmaron que el INAI trabaja por y para la ciudadan\u00eda.<\/p>\n\n\n\n<blockquote class=\"wp-block-quote is-layout-flow wp-block-quote-is-layout-flow\"><p>&#8220;A trav\u00e9s del derecho a saber, las personas han podido conocer y acceder a programas sociales, a servicios de salud o a becas y, mediante el derecho de protecci\u00f3n de datos, han logrado obtener sus semanas cotizadas para tramitar su pensi\u00f3n, solicitar su expediente cl\u00ednico para conocer otras valoraciones m\u00e9dicas, rectificar sus datos, por ejemplo, de los certificados de vacunaci\u00f3n, presentar una denuncia cuando instancias p\u00fablicas o privadas hacen mal uso de su informaci\u00f3n personal y exigir la reparaci\u00f3n del da\u00f1o cuando han sido v\u00edctimas de robo o suplantaci\u00f3n de identidad, por mencionar algunos beneficios&#8221;, indicaron.<\/p><\/blockquote>\n\n\n\n<p>Adem\u00e1s, continuaron, a trav\u00e9s de las resoluciones del Pleno del INAI, derivadas del ejercicio del derecho de acceso a la informaci\u00f3n, se han documentado y transparentado diversos asuntos de inter\u00e9s p\u00fablico y casos como Segalmex, la Estafa Maestra o la Casa Blanca.<\/p>\n\n\n\n<blockquote class=\"wp-block-quote is-layout-flow wp-block-quote-is-layout-flow\"><p>&#8220;Por otro lado, es importante puntualizar que el INAI es la \u00fanica autoridad en el pa\u00eds facultada para velar por el derecho de la sociedad a la protecci\u00f3n de sus datos personales, a nivel nacional, en el sector privado y, en el \u00e1mbito federal, en el sector p\u00fablico&#8221;, concluyeron.<\/p><\/blockquote>\n\n\n\n<p>Fuente: <a href=\"https:\/\/www.eluniversal.com.mx\/nacion\/sus-dicho-reflejan-desconocimiento-inai-responde-a-amlo-llaman-al-dialogo\/\" data-type=\"URL\" data-id=\"https:\/\/www.eluniversal.com.mx\/nacion\/sus-dicho-reflejan-desconocimiento-inai-responde-a-amlo-llaman-al-dialogo\/\">El Universal<\/a> <\/p>\n","protected":false},"excerpt":{"rendered":"<p>El Pleno del\u00a0Instituto Nacional de Transparencia, Acceso a la Informaci\u00f3n y Protecci\u00f3n de Datos Personales\u00a0(INAI) expres\u00f3 su preocupaci\u00f3n por las recientes declaraciones del\u00a0presidente Andr\u00e9s Manuel L\u00f3pez Obrador\u00a0y del secretario de\u00a0Gobernaci\u00f3n, Ad\u00e1n Augusto L\u00f3pez, mismas que calificaron c\u00f3mo &#8220;constantes descalificaciones&#8221;. &#8220;El Pleno del INAI, conformado actualmente por la Comisionada Presidenta Blanca Lilia Ibarra Cadena; las Comisionadas [&hellip;]<\/p>\n","protected":false},"author":35,"featured_media":988,"comment_status":"open","ping_status":"open","sticky":false,"template":"","format":"standard","meta":{"_monsterinsights_skip_tracking":false,"_monsterinsights_sitenote_active":false,"_monsterinsights_sitenote_note":"","_monsterinsights_sitenote_category":0,"footnotes":""},"categories":[158],"tags":[188,355,9477],"class_list":["post-103790","post","type-post","status-publish","format-standard","has-post-thumbnail","hentry","category-politica","tag-amlo","tag-inai","tag-responde","wp-image-borders"],"amp_enabled":true,"_links":{"self":[{"href":"https:\/\/nvnoticias.mx\/index.php\/wp-json\/wp\/v2\/posts\/103790","targetHints":{"allow":["GET"]}}],"collection":[{"href":"https:\/\/nvnoticias.mx\/index.php\/wp-json\/wp\/v2\/posts"}],"about":[{"href":"https:\/\/nvnoticias.mx\/index.php\/wp-json\/wp\/v2\/types\/post"}],"author":[{"embeddable":true,"href":"https:\/\/nvnoticias.mx\/index.php\/wp-json\/wp\/v2\/users\/35"}],"replies":[{"embeddable":true,"href":"https:\/\/nvnoticias.mx\/index.php\/wp-json\/wp\/v2\/comments?post=103790"}],"version-history":[{"count":4,"href":"https:\/\/nvnoticias.mx\/index.php\/wp-json\/wp\/v2\/posts\/103790\/revisions"}],"predecessor-version":[{"id":103794,"href":"https:\/\/nvnoticias.mx\/index.php\/wp-json\/wp\/v2\/posts\/103790\/revisions\/103794"}],"wp:featuredmedia":[{"embeddable":true,"href":"https:\/\/nvnoticias.mx\/index.php\/wp-json\/wp\/v2\/media\/988"}],"wp:attachment":[{"href":"https:\/\/nvnoticias.mx\/index.php\/wp-json\/wp\/v2\/media?parent=103790"}],"wp:term":[{"taxonomy":"category","embeddable":true,"href":"https:\/\/nvnoticias.mx\/index.php\/wp-json\/wp\/v2\/categories?post=103790"},{"taxonomy":"post_tag","embeddable":true,"href":"https:\/\/nvnoticias.mx\/index.php\/wp-json\/wp\/v2\/tags?post=103790"}],"curies":[{"name":"wp","href":"https:\/\/api.w.org\/{rel}","templated":true}]}}