{"id":103775,"date":"2023-04-19T11:07:14","date_gmt":"2023-04-19T16:07:14","guid":{"rendered":"https:\/\/nvnoticias.mx\/?p=103775"},"modified":"2023-04-19T11:07:15","modified_gmt":"2023-04-19T16:07:15","slug":"se-cae-elevador-del-hospital-infantil-por-falta-de-mantenimiento","status":"publish","type":"post","link":"https:\/\/nvnoticias.mx\/index.php\/2023\/04\/19\/se-cae-elevador-del-hospital-infantil-por-falta-de-mantenimiento\/","title":{"rendered":"Se cae elevador del Hospital Infantil por falta de mantenimiento"},"content":{"rendered":"\n<p><strong>Jes\u00fas Utrilla | NV Noticias <\/strong><\/p>\n\n\n\n<p>Debido a la falta de mantenimiento del cual carece el Hospital de Alta Especialidad de Veracruz (HAEV) el Hospital Infantil, de la avenida 20 de noviembre de la ciudad de Veracruz, la ma\u00f1ana del lunes 17 de abril se present\u00f3 un accidente que pudo costar la vida de dos enfermeras que resultaron lesionadas al caer un elevador de la Torre Pedi\u00e1trica, ambas fueron atendidas en el Hospital del Issste de la Ciudad de Veracruz.<\/p>\n\n\n\n<p>Los trabajadores dijeron que es una situaci\u00f3n que se mantiene en diferentes \u00e1reas debido a la falta de experiencia y mantenimiento.<\/p>\n\n\n\n<p>El empleado Francisco, en un audio narr\u00f3 los hechos que est\u00e1n viviendo dentro del hospital de la ciudad de Veracruz, donde la responsable directamente es la administradora y a quien acus\u00f3 de no estar al pendiente de las necesidades de este nosocomio.<\/p>\n\n\n\n<blockquote class=\"wp-block-quote is-layout-flow wp-block-quote-is-layout-flow\"><p>\u201cEsto fue por la falta capacidad profesional del encargado de mantenimiento que se ostenta como ingeniero, cuando es t\u00e9cnico en m\u00e1quinas y herramientas, adem\u00e1s de perder su tiempo en \u00e1reas y horarios laborales para grabar videos para TikTok\u201d, acusaron.<\/p><\/blockquote>\n\n\n\n<p>Tambi\u00e9n otras de las carencias que actualmente se est\u00e1n viviendo en el hospital infantil, es la falta de aire acondicionado el cual tiene m\u00e1s de ocho d\u00edas que est\u00e1 fuera de servicio por falta de mantenimiento y por obras de rehabilitaci\u00f3n que no se han autorizado, dejando en malas condiciones a los peque\u00f1os que ah\u00ed toman sus consultas y tratamientos.<\/p>\n\n\n\n<p>Ambas situaciones ya son del conocimiento del encargado de mantenimiento, porque esta situaci\u00f3n es recurrente y desde el a\u00f1o pasado, sin embargo no hay soluci\u00f3n al respecto.<\/p>\n\n\n\n<blockquote class=\"wp-block-quote is-layout-flow wp-block-quote-is-layout-flow\"><p>\u201cOtra cosa que pasa es que no quiere firmar los movimientos escalafonarios, por que quiere poner condiciones, tales como que le regularicen al personal que ella ha ingresado al nosocomio, y que tienen menos de dos a\u00f1os de contrato\u201d.<\/p><\/blockquote>\n\n\n\n<p>Acus\u00f3 que se vulneran los derechos de los trabajadores que ya tienen muchos a\u00f1os laborando en este hospital y no han tenido sus movimientos conforme a derecho.<br>Solicitaron el apoyo de las autoridades, para dar mantenimiento a los dos hospitales.<\/p>\n","protected":false},"excerpt":{"rendered":"<p>Jes\u00fas Utrilla | NV Noticias Debido a la falta de mantenimiento del cual carece el Hospital de Alta Especialidad de Veracruz (HAEV) el Hospital Infantil, de la avenida 20 de noviembre de la ciudad de Veracruz, la ma\u00f1ana del lunes 17 de abril se present\u00f3 un accidente que pudo costar la vida de dos enfermeras [&hellip;]<\/p>\n","protected":false},"author":35,"featured_media":97923,"comment_status":"open","ping_status":"open","sticky":false,"template":"","format":"standard","meta":{"_monsterinsights_skip_tracking":false,"_monsterinsights_sitenote_active":false,"_monsterinsights_sitenote_note":"","_monsterinsights_sitenote_category":0,"footnotes":""},"categories":[154],"tags":[9035,24680,4389,1602],"class_list":["post-103775","post","type-post","status-publish","format-standard","has-post-thumbnail","hentry","category-veracruz","tag-cae","tag-elevador","tag-hospital-infantil-de-veracruz","tag-mantenimiento","wp-image-borders"],"amp_enabled":true,"_links":{"self":[{"href":"https:\/\/nvnoticias.mx\/index.php\/wp-json\/wp\/v2\/posts\/103775","targetHints":{"allow":["GET"]}}],"collection":[{"href":"https:\/\/nvnoticias.mx\/index.php\/wp-json\/wp\/v2\/posts"}],"about":[{"href":"https:\/\/nvnoticias.mx\/index.php\/wp-json\/wp\/v2\/types\/post"}],"author":[{"embeddable":true,"href":"https:\/\/nvnoticias.mx\/index.php\/wp-json\/wp\/v2\/users\/35"}],"replies":[{"embeddable":true,"href":"https:\/\/nvnoticias.mx\/index.php\/wp-json\/wp\/v2\/comments?post=103775"}],"version-history":[{"count":1,"href":"https:\/\/nvnoticias.mx\/index.php\/wp-json\/wp\/v2\/posts\/103775\/revisions"}],"predecessor-version":[{"id":103776,"href":"https:\/\/nvnoticias.mx\/index.php\/wp-json\/wp\/v2\/posts\/103775\/revisions\/103776"}],"wp:featuredmedia":[{"embeddable":true,"href":"https:\/\/nvnoticias.mx\/index.php\/wp-json\/wp\/v2\/media\/97923"}],"wp:attachment":[{"href":"https:\/\/nvnoticias.mx\/index.php\/wp-json\/wp\/v2\/media?parent=103775"}],"wp:term":[{"taxonomy":"category","embeddable":true,"href":"https:\/\/nvnoticias.mx\/index.php\/wp-json\/wp\/v2\/categories?post=103775"},{"taxonomy":"post_tag","embeddable":true,"href":"https:\/\/nvnoticias.mx\/index.php\/wp-json\/wp\/v2\/tags?post=103775"}],"curies":[{"name":"wp","href":"https:\/\/api.w.org\/{rel}","templated":true}]}}