{"id":103760,"date":"2023-04-19T10:37:05","date_gmt":"2023-04-19T15:37:05","guid":{"rendered":"https:\/\/nvnoticias.mx\/?p=103760"},"modified":"2023-04-19T10:37:06","modified_gmt":"2023-04-19T15:37:06","slug":"defiende-el-pentagono-la-colaboracion-con-mexico-y-el-respeto-a-su-soberania","status":"publish","type":"post","link":"https:\/\/nvnoticias.mx\/index.php\/2023\/04\/19\/defiende-el-pentagono-la-colaboracion-con-mexico-y-el-respeto-a-su-soberania\/","title":{"rendered":"Defiende el Pent\u00e1gono la colaboraci\u00f3n con M\u00e9xico y el respeto a su soberan\u00eda"},"content":{"rendered":"\n<p>El Departamento de Defensa de Estados Unidos defendi\u00f3 la&nbsp;<strong>colaboraci\u00f3n con M\u00e9xico<\/strong>&nbsp;y el respeto a su soberan\u00eda, despu\u00e9s de que el presidente mexicano, Andr\u00e9s Manuel L\u00f3pez Obrador, prometiera proteger los datos de las Fuerzas Armadas de su pa\u00eds ante el&nbsp;<strong>&#8220;espionaje&#8221; estadounidense<\/strong>.<\/p>\n\n\n\n<p>Un portavoz del&nbsp;<strong>Pent\u00e1gono<\/strong>&nbsp;dijo a EFE que el Departamento de Defensa de EU y las Secretar\u00edas de Defensa Nacional y de la Marina de M\u00e9xico &#8220;disfrutan de una&nbsp;<strong>asociaci\u00f3n colaborativa<\/strong>&#8221; centrada en &#8220;asuntos tradicionales de defensa&#8221; y en abordar los retos en este \u00e1mbito.<\/p>\n\n\n\n<p>Destac\u00f3 que esta cooperaci\u00f3n se produce &#8220;mientras ambos respetan la soberan\u00eda del otro y sus agendas respectivas de pol\u00edtica exterior&#8221;.<\/p>\n\n\n\n<p>De esta forma, la cartera de Defensa estadounidense reacciona a las declaraciones del martes de L\u00f3pez Obrador, quien anunci\u00f3 que &#8220;proteger\u00e1&#8221; la informaci\u00f3n de las\u00a0<strong>Fuerzas Armadas<\/strong>\u00a0del pa\u00eds al argumentar que\u00a0<strong>son &#8220;objeto de espionaje&#8221; por parte del Pent\u00e1gono<\/strong>\u00a0de Estados Unidos.<\/p>\n\n\n\n<blockquote class=\"wp-block-quote is-layout-flow wp-block-quote-is-layout-flow\"><p>&#8220;Vamos a cuidar ya la informaci\u00f3n de la Secretar\u00eda de Marina (<strong>Semar<\/strong>) y la Secretar\u00eda de la Defensa (<strong>Sedena<\/strong>), porque estamos siendo objeto de espionaje del Pent\u00e1gono, y muchos medios de informaci\u00f3n en M\u00e9xico est\u00e1n filtrando informaci\u00f3n que les entrega la\u00a0<strong>DEA<\/strong>\u00a0(Agencia Antidrogas de Estados Unidos)&#8221;, afirm\u00f3 el mandatario.<\/p><\/blockquote>\n\n\n\n<p><\/p>\n\n\n\n<p>En ese sentido, el Gobierno de M\u00e9xico ha anticipado que&nbsp;<strong>va a solicitar a Estados Unidos un informe<\/strong>&nbsp;para aclarar el presunto espionaje contra la Fuerzas Armadas mexicanas.<\/p>\n\n\n\n<p>Hace dos d\u00edas, L\u00f3pez Obrador calific\u00f3 de &#8220;intromisi\u00f3n abusiva, prepotente&#8221; el operativo que realiz\u00f3 la DEA para infiltrarse en el&nbsp;<strong>C\u00e1rtel de Sinaloa&nbsp;<\/strong>sin autorizaci\u00f3n de las autoridades mexicanas.<\/p>\n\n\n\n<p>El presidente de M\u00e9xico tambi\u00e9n acus\u00f3 a Estados Unidos de &#8220;intromisi\u00f3n&#8221; a ra\u00edz de las filtraciones de documentos del Pent\u00e1gono en un chat de la aplicaci\u00f3n Discord que evidencian los\u00a0<strong>roces entre la Sedena y la Semar<\/strong>\u00a0por las crecientes tareas que asigna L\u00f3pez Obrador a las Fuerzas Armadas.<\/p>\n\n\n\n<p>Fuente: <a href=\"https:\/\/www.eluniversal.com.mx\/mundo\/el-pentagono-defiende-la-colaboracion-con-mexico-y-el-respeto-a-su-soberania\/\" data-type=\"URL\" data-id=\"https:\/\/www.eluniversal.com.mx\/mundo\/el-pentagono-defiende-la-colaboracion-con-mexico-y-el-respeto-a-su-soberania\/\">El Universal<\/a> <\/p>\n","protected":false},"excerpt":{"rendered":"<p>El Departamento de Defensa de Estados Unidos defendi\u00f3 la&nbsp;colaboraci\u00f3n con M\u00e9xico&nbsp;y el respeto a su soberan\u00eda, despu\u00e9s de que el presidente mexicano, Andr\u00e9s Manuel L\u00f3pez Obrador, prometiera proteger los datos de las Fuerzas Armadas de su pa\u00eds ante el&nbsp;&#8220;espionaje&#8221; estadounidense. Un portavoz del&nbsp;Pent\u00e1gono&nbsp;dijo a EFE que el Departamento de Defensa de EU y las Secretar\u00edas [&hellip;]<\/p>\n","protected":false},"author":35,"featured_media":20132,"comment_status":"open","ping_status":"open","sticky":false,"template":"","format":"standard","meta":{"_monsterinsights_skip_tracking":false,"_monsterinsights_sitenote_active":false,"_monsterinsights_sitenote_note":"","_monsterinsights_sitenote_category":0,"footnotes":""},"categories":[181],"tags":[11021,9255,5124,292,642,162,15591],"class_list":["post-103760","post","type-post","status-publish","format-standard","has-post-thumbnail","hentry","category-internacional","tag-colaboracion","tag-defiende","tag-espionaje","tag-mexico","tag-pentagono","tag-portada","tag-senalamientos","wp-image-borders"],"amp_enabled":true,"_links":{"self":[{"href":"https:\/\/nvnoticias.mx\/index.php\/wp-json\/wp\/v2\/posts\/103760","targetHints":{"allow":["GET"]}}],"collection":[{"href":"https:\/\/nvnoticias.mx\/index.php\/wp-json\/wp\/v2\/posts"}],"about":[{"href":"https:\/\/nvnoticias.mx\/index.php\/wp-json\/wp\/v2\/types\/post"}],"author":[{"embeddable":true,"href":"https:\/\/nvnoticias.mx\/index.php\/wp-json\/wp\/v2\/users\/35"}],"replies":[{"embeddable":true,"href":"https:\/\/nvnoticias.mx\/index.php\/wp-json\/wp\/v2\/comments?post=103760"}],"version-history":[{"count":4,"href":"https:\/\/nvnoticias.mx\/index.php\/wp-json\/wp\/v2\/posts\/103760\/revisions"}],"predecessor-version":[{"id":103764,"href":"https:\/\/nvnoticias.mx\/index.php\/wp-json\/wp\/v2\/posts\/103760\/revisions\/103764"}],"wp:featuredmedia":[{"embeddable":true,"href":"https:\/\/nvnoticias.mx\/index.php\/wp-json\/wp\/v2\/media\/20132"}],"wp:attachment":[{"href":"https:\/\/nvnoticias.mx\/index.php\/wp-json\/wp\/v2\/media?parent=103760"}],"wp:term":[{"taxonomy":"category","embeddable":true,"href":"https:\/\/nvnoticias.mx\/index.php\/wp-json\/wp\/v2\/categories?post=103760"},{"taxonomy":"post_tag","embeddable":true,"href":"https:\/\/nvnoticias.mx\/index.php\/wp-json\/wp\/v2\/tags?post=103760"}],"curies":[{"name":"wp","href":"https:\/\/api.w.org\/{rel}","templated":true}]}}