{"id":103725,"date":"2023-04-18T17:10:06","date_gmt":"2023-04-18T22:10:06","guid":{"rendered":"https:\/\/nvnoticias.mx\/?p=103725"},"modified":"2023-04-18T17:10:07","modified_gmt":"2023-04-18T22:10:07","slug":"poder-y-carisma","status":"publish","type":"post","link":"https:\/\/nvnoticias.mx\/index.php\/2023\/04\/18\/poder-y-carisma\/","title":{"rendered":"Poder y carisma"},"content":{"rendered":"\n<p><strong>Ricardo Homs<\/strong><\/p>\n\n\n\n<p>La presi\u00f3n arrecia conforme se acerca la fecha de la decisi\u00f3n sobre cu\u00e1l de las&nbsp;<strong>corcholatas<\/strong>&nbsp;heredar\u00e1 el legado del presidente L\u00f3pez Obrador y ser\u00e1 responsable de consolidar la 4T en el pr\u00f3ximo sexenio.<\/p>\n\n\n\n<p>Parece ser que el presidente no tiene claridad a\u00fan en su decisi\u00f3n, pues la<strong>&nbsp;tensi\u00f3n&nbsp;<\/strong>no se puede ocultar.<\/p>\n\n\n\n<p>El poder se puede heredar y as\u00ed ha sido desde hace miles de a\u00f1os. Quien ejerce poder generalmente pretende extender un poco m\u00e1s su influencia, transfiri\u00e9ndolo al heredero que garantice continuidad a su proyecto personal.<\/p>\n\n\n\n<p>El presidente sabe que Claudia Sheinbaum y Ad\u00e1n Augusto L\u00f3pez llevar\u00edan su proyecto adelante con una lealtad incondicional, \u201csin moverle ni una coma\u201d. Sin embargo, tambi\u00e9n se estar\u00e1 dando cuenta de que ambos carecen del carisma que \u00e9l mismo ha proyectado a lo largo de muchos a\u00f1os de recorrer el pa\u00eds, lo cual le ha permitido, -que a\u00fan con todos los desaciertos acumulados a lo largo de sus cuatro a\u00f1os de gobierno-, a\u00fan mantenga un alto nivel de confianza ciudadana.<\/p>\n\n\n\n<p>Sin carisma, cualquiera de los dos ser\u00eda un presidente vulnerable. Seguramente por ello el presidente est\u00e1 blindando su proyecto, -pretendidamente transexenal-, comprometiendo la lealtad del Ej\u00e9rcito, otorg\u00e1ndole proyectos de&nbsp;<strong>obra civil.<\/strong><\/p>\n\n\n\n<p>El poder se hereda y el presidente no tiene duda de que haciendo campa\u00f1a para su elegido, -pidiendo abiertamente el voto a su favor-, \u00e9ste ganar\u00eda su elecci\u00f3n y se convertir\u00eda en el pr\u00f3ximo presidente.<\/p>\n\n\n\n<p>Sin embargo, para gobernar hoy se requiere mucho m\u00e1s que la legitimidad jur\u00eddica del voto ganado en las urnas. Se requiere, -adicional-, la legitimidad del consenso, que s\u00f3lo se consigue ejerciendo un liderazgo incluyente que garantice representatividad social. La mayor\u00eda de los ciudadanos debe sentirse representado, -y eso-, s\u00f3lo se consigue con carisma.<\/p>\n\n\n\n<p>Entre el carisma que ten\u00eda Hugo Ch\u00e1vez y lo que hoy proyecta<strong>&nbsp;Nicol\u00e1s Maduro<\/strong>, no hay comparaci\u00f3n. Entre el carisma de Fidel Castro y el de D\u00edaz Canel, tampoco.<\/p>\n\n\n\n<p>En contraste, Volodimir Zelensky ha tenido la fortaleza necesaria para transformar lo que podr\u00eda haber sido un conflicto regional, -como lo fueron las guerras de Crimea y la del Donb\u00e1s-, y en contraste, la guerra de Ucrania se ha convertido en un conflicto global en contra de Rusia.<\/p>\n\n\n\n<p>No cabe duda de que detr\u00e1s de este logro est\u00e1 el carisma seductor de Zelensky.<\/p>\n\n\n\n<p>En nuestra realidad cotidiana vemos que ante la ausencia de carisma de las dos \u201ccorcholatas favoritas\u201d, -que le garantizan lealtad absoluta-, solo le queda al presidente L\u00f3pez Obrador el recurso de tomar control del \u00e1rbitro electoral. Ya que no lo logr\u00f3 en el INE, -como \u00e9l esperaba-, el presidente ahora va por el control del Tribunal Electoral del Poder Judicial de la Federaci\u00f3n, para poder neutralizar decisiones que no le favorezcan.<\/p>\n\n\n\n<p>Por lo pronto, -la falta de carisma de Delfina G\u00f3mez en el Edomex-, frente a su contrincante Alejandra del Moral, representa riesgos para MORENA.<\/p>\n\n\n\n<p>En fin, estas son puras especulaciones, pero la \u00fanica realidad es que ni Claudia, ni ad\u00e1n Augusto, poseen el carisma necesario para conducir un gobierno fuerte y seguramente el presidente L\u00f3pez Obrador ya es consciente de ello.<\/p>\n\n\n\n<p>El poder se puede heredar, pero el liderazgo es un atributo que se construye individualmente como traje a la medida y adem\u00e1s, el carisma es uno de sus componentes b\u00e1sicos.<\/p>\n\n\n\n<h2 class=\"wp-block-heading\">Gardu\u00f1o y la nueva moral<\/h2>\n\n\n\n<p>Si una tragedia como la de la \u201cc\u00e1rcel migratoria\u201d de Ciudad Ju\u00e1rez hubiese sucedido en el sexenio del presidente Pe\u00f1a Nieto, el \u201cluchador social\u201d Andr\u00e9s Manuel L\u00f3pez Obrador ya hubiera realizado manifestaciones callejeras para exigir la salida del director del Instituto Nacional de Migraci\u00f3n e incluso, fincarle responsabilidades pol\u00edticas, -por su impacto en la relaci\u00f3n con los pa\u00edses de origen de los migrantes fallecidos-, y adem\u00e1s, penalmente.<\/p>\n\n\n\n<p>En contraste, hoy el director del INM, Gardu\u00f1o, es protegido desde la presidencia de la rep\u00fablica.<\/p>\n\n\n\n<p>Es cierto que las responsabilidades penales y jur\u00eddicas las debiese definir un juez. Sin embargo, desde el punto de vista moral, Francisco Gardu\u00f1o debiese haberse separado del cargo.<\/p>\n\n\n\n<p>En tiempos diferentes y en roles diferentes, vemos hoy, -en los tiempos de la 4T-, que la moral tambi\u00e9n es diferente.<\/p>\n\n\n\n<p>\u00bfA usted qu\u00e9 le parece?<\/p>\n\n\n\n<p>Facebook: @Ricardo.Homs1<\/p>\n\n\n\n<p>Twitter: @homsricardo<\/p>\n\n\n\n<p>Linkedin: Ricardo Homs<\/p>\n\n\n\n<p><a href=\"http:\/\/www.ricardohoms.com\/\" target=\"_blank\" rel=\"noreferrer noopener\">www.ricardohoms.com<\/a><\/p>\n","protected":false},"excerpt":{"rendered":"<p>Ricardo Homs La presi\u00f3n arrecia conforme se acerca la fecha de la decisi\u00f3n sobre cu\u00e1l de las&nbsp;corcholatas&nbsp;heredar\u00e1 el legado del presidente L\u00f3pez Obrador y ser\u00e1 responsable de consolidar la 4T en el pr\u00f3ximo sexenio. Parece ser que el presidente no tiene claridad a\u00fan en su decisi\u00f3n, pues la&nbsp;tensi\u00f3n&nbsp;no se puede ocultar. El poder se puede [&hellip;]<\/p>\n","protected":false},"author":18,"featured_media":103726,"comment_status":"open","ping_status":"open","sticky":false,"template":"","format":"standard","meta":{"_monsterinsights_skip_tracking":false,"_monsterinsights_sitenote_active":false,"_monsterinsights_sitenote_note":"","_monsterinsights_sitenote_category":0,"footnotes":""},"categories":[246],"tags":[173],"class_list":["post-103725","post","type-post","status-publish","format-standard","has-post-thumbnail","hentry","category-ricardo-homs","tag-ricardo-homs","wp-image-borders"],"amp_enabled":true,"_links":{"self":[{"href":"https:\/\/nvnoticias.mx\/index.php\/wp-json\/wp\/v2\/posts\/103725","targetHints":{"allow":["GET"]}}],"collection":[{"href":"https:\/\/nvnoticias.mx\/index.php\/wp-json\/wp\/v2\/posts"}],"about":[{"href":"https:\/\/nvnoticias.mx\/index.php\/wp-json\/wp\/v2\/types\/post"}],"author":[{"embeddable":true,"href":"https:\/\/nvnoticias.mx\/index.php\/wp-json\/wp\/v2\/users\/18"}],"replies":[{"embeddable":true,"href":"https:\/\/nvnoticias.mx\/index.php\/wp-json\/wp\/v2\/comments?post=103725"}],"version-history":[{"count":1,"href":"https:\/\/nvnoticias.mx\/index.php\/wp-json\/wp\/v2\/posts\/103725\/revisions"}],"predecessor-version":[{"id":103727,"href":"https:\/\/nvnoticias.mx\/index.php\/wp-json\/wp\/v2\/posts\/103725\/revisions\/103727"}],"wp:featuredmedia":[{"embeddable":true,"href":"https:\/\/nvnoticias.mx\/index.php\/wp-json\/wp\/v2\/media\/103726"}],"wp:attachment":[{"href":"https:\/\/nvnoticias.mx\/index.php\/wp-json\/wp\/v2\/media?parent=103725"}],"wp:term":[{"taxonomy":"category","embeddable":true,"href":"https:\/\/nvnoticias.mx\/index.php\/wp-json\/wp\/v2\/categories?post=103725"},{"taxonomy":"post_tag","embeddable":true,"href":"https:\/\/nvnoticias.mx\/index.php\/wp-json\/wp\/v2\/tags?post=103725"}],"curies":[{"name":"wp","href":"https:\/\/api.w.org\/{rel}","templated":true}]}}