{"id":103710,"date":"2023-04-18T16:50:52","date_gmt":"2023-04-18T21:50:52","guid":{"rendered":"https:\/\/nvnoticias.mx\/?p=103710"},"modified":"2023-04-18T16:50:53","modified_gmt":"2023-04-18T21:50:53","slug":"en-veracruz-detuvieron-a-300-personas-sembrandoles-armas-y-drogas","status":"publish","type":"post","link":"https:\/\/nvnoticias.mx\/index.php\/2023\/04\/18\/en-veracruz-detuvieron-a-300-personas-sembrandoles-armas-y-drogas\/","title":{"rendered":"En Veracruz detuvieron a 300 personas sembr\u00e1ndoles armas y drogas"},"content":{"rendered":"\n<p><strong>Jes\u00fas Utrilla \/ NV Noticias<\/strong><\/p>\n\n\n\n<p>En Veracruz hay m\u00e1s de 3 mil presos en procedimiento penal y los abogados comenzar\u00e1n a solicitar el cambio de medidas cautelares con base a las determinaciones de la Corte Interamericana de Derechos Humanos, en cuanto al proyecto inocencia.<\/p>\n\n\n\n<p>El abogado Tom\u00e1s Mundo acus\u00f3 que en Veracruz se est\u00e1n sembrando armas o drogas para detener a personas por el delito de ataques a la fuerza de seguridad p\u00fablica.<\/p>\n\n\n\n<blockquote class=\"wp-block-quote is-layout-flow wp-block-quote-is-layout-flow\"><p>\u201c<em>Lo vamos a pedir, no quiere decir que todos vayan a salir, lo interesante es que los jueces tienen que abrir el debate, es decir, ahorita lo que est\u00e1 haciendo Veracruz es que como ya no tiene ultrajes a la autoridad ahora est\u00e1 deteniendo por el delito de ataques a la fuerza de seguridad p\u00fablica y despu\u00e9s te encuentran armas y drogas para hacer el delito oficioso y te quedas en la c\u00e1rcel\u201d.<\/em><\/p><\/blockquote>\n\n\n\n<p>Los abogados solicitar\u00e1n que la Fiscal\u00eda pruebe que hab\u00eda armas y drogas y que no fueron sembradas. Estim\u00f3 que ya son 300 personas detenidas en el estado de Veracruz por esta situaci\u00f3n, pero adem\u00e1s a los dos o tres meses aparecen supuestos testigos y declaran contra los que ya estaban detenidos.<\/p>\n\n\n\n<p>En su caso se\u00f1al\u00f3 que hay tres personas que entraron a la c\u00e1rcel por ultrajes a la autoridad y ahora est\u00e1n por feminicidio.<\/p>\n\n\n\n<p>Los abogados a trav\u00e9s de la psicolog\u00eda del testimonio buscan ofrecer pruebas, pero lo m\u00e1s importante ser\u00e1 denunciar a jueces y fiscales para que sean ellos quienes se vayan a la c\u00e1rcel.<\/p>\n\n\n\n<p>Ante ello se\u00f1al\u00f3 que la figura del arraigo debe desaparecer como lo solicit\u00f3 la Corte Interamericana de los Derechos Humanos. <\/p>\n\n\n\n<p>Dijo que por su parte la prisi\u00f3n preventiva se requiere adecuar, para que no ocurran hechos como los de Daniel Garc\u00eda y Reyes Alp\u00edzar, quienes pasaron 17 a\u00f1os en la c\u00e1rcel sin tener sentencia.<\/p>\n","protected":false},"excerpt":{"rendered":"<p>Jes\u00fas Utrilla \/ NV Noticias En Veracruz hay m\u00e1s de 3 mil presos en procedimiento penal y los abogados comenzar\u00e1n a solicitar el cambio de medidas cautelares con base a las determinaciones de la Corte Interamericana de Derechos Humanos, en cuanto al proyecto inocencia. El abogado Tom\u00e1s Mundo acus\u00f3 que en Veracruz se est\u00e1n sembrando [&hellip;]<\/p>\n","protected":false},"author":8,"featured_media":103713,"comment_status":"open","ping_status":"open","sticky":false,"template":"","format":"standard","meta":{"_monsterinsights_skip_tracking":false,"_monsterinsights_sitenote_active":false,"_monsterinsights_sitenote_note":"","_monsterinsights_sitenote_category":0,"footnotes":""},"categories":[154],"tags":[2672,2894,1201],"class_list":["post-103710","post","type-post","status-publish","format-standard","has-post-thumbnail","hentry","category-veracruz","tag-armas","tag-detenciones","tag-drogas","wp-image-borders"],"amp_enabled":true,"_links":{"self":[{"href":"https:\/\/nvnoticias.mx\/index.php\/wp-json\/wp\/v2\/posts\/103710","targetHints":{"allow":["GET"]}}],"collection":[{"href":"https:\/\/nvnoticias.mx\/index.php\/wp-json\/wp\/v2\/posts"}],"about":[{"href":"https:\/\/nvnoticias.mx\/index.php\/wp-json\/wp\/v2\/types\/post"}],"author":[{"embeddable":true,"href":"https:\/\/nvnoticias.mx\/index.php\/wp-json\/wp\/v2\/users\/8"}],"replies":[{"embeddable":true,"href":"https:\/\/nvnoticias.mx\/index.php\/wp-json\/wp\/v2\/comments?post=103710"}],"version-history":[{"count":1,"href":"https:\/\/nvnoticias.mx\/index.php\/wp-json\/wp\/v2\/posts\/103710\/revisions"}],"predecessor-version":[{"id":103714,"href":"https:\/\/nvnoticias.mx\/index.php\/wp-json\/wp\/v2\/posts\/103710\/revisions\/103714"}],"wp:featuredmedia":[{"embeddable":true,"href":"https:\/\/nvnoticias.mx\/index.php\/wp-json\/wp\/v2\/media\/103713"}],"wp:attachment":[{"href":"https:\/\/nvnoticias.mx\/index.php\/wp-json\/wp\/v2\/media?parent=103710"}],"wp:term":[{"taxonomy":"category","embeddable":true,"href":"https:\/\/nvnoticias.mx\/index.php\/wp-json\/wp\/v2\/categories?post=103710"},{"taxonomy":"post_tag","embeddable":true,"href":"https:\/\/nvnoticias.mx\/index.php\/wp-json\/wp\/v2\/tags?post=103710"}],"curies":[{"name":"wp","href":"https:\/\/api.w.org\/{rel}","templated":true}]}}