{"id":103702,"date":"2023-04-18T16:37:54","date_gmt":"2023-04-18T21:37:54","guid":{"rendered":"https:\/\/nvnoticias.mx\/?p=103702"},"modified":"2023-04-18T16:37:54","modified_gmt":"2023-04-18T21:37:54","slug":"habla-camila-cabello-sobre-su-viaje-a-coachella-con-shawn-mendes","status":"publish","type":"post","link":"https:\/\/nvnoticias.mx\/index.php\/2023\/04\/18\/habla-camila-cabello-sobre-su-viaje-a-coachella-con-shawn-mendes\/","title":{"rendered":"Habla Camila Cabello sobre su viaje a Coachella con Shawn Mendes"},"content":{"rendered":"\n<p><a href=\"https:\/\/www.eonline.com\/mx\/news\/1371619\/recordamos-las-veces-que-el-romance-de-camila-cabello-y-shawn-mendes-dividio-opiniones\" target=\"_blank\" rel=\"noreferrer noopener\">Camila Cabello<\/a> comparti\u00f3 algunas fotos despu\u00e9s de un fin de semana lleno de acontecimientos en Coachella 2023, uno que incluy\u00f3 una reuni\u00f3n \u00edntima con su exnovio, <a href=\"https:\/\/www.eonline.com\/mx\/news\/1371619\/recordamos-las-veces-que-el-romance-de-camila-cabello-y-shawn-mendes-dividio-opiniones\" target=\"_blank\" rel=\"noreferrer noopener\">Shawn Mendes<\/a>.<\/p>\n\n\n\n<p>Tan \u00edntima, de hecho, que los colaboradores de &#8220;Se\u00f1orita&#8221;, que se separaron en noviembre de 2021, incluso fueron fotografiados bes\u00e1ndose en el festival de m\u00fasica de California el 14 de abril.<\/p>\n\n\n\n<p>Y aunque Cabello, de 26 a\u00f1os, y Mendes, de 24, a\u00fan no han hablado directamente de su beso, la cantante de &#8220;My Oh My&#8221; subtitul\u00f3 descaradamente su nueva publicaci\u00f3n de Instagram, con una serie de fotos de Coachella, &#8220;Es lo que sea&#8221;.<\/p>\n\n\n\n<p>E! News se ha comunicado con los representantes del d\u00fao para comentar sobre su estado, pero no ha recibido respuesta.<\/p>\n\n\n\n<p>La reuni\u00f3n de Mendes y Cabello se produce un mes despu\u00e9s de que \u00e9l cerrara las especulaciones de que est\u00e1 en una relaci\u00f3n con la tambi\u00e9n cantante <a rel=\"noreferrer noopener\" href=\"https:\/\/www.eonline.com\/mx\/news\/1371619\/recordamos-las-veces-que-el-romance-de-camila-cabello-y-shawn-mendes-dividio-opiniones\" target=\"_blank\">Sabrina Carpenter<\/a>. A pesar de haber sido fotografiados juntos, el artista de &#8220;Stitches&#8221; confirm\u00f3 en una entrevista del 17 de marzo con la publicaci\u00f3n holandesa RTL Boulevard, &#8220;No estamos saliendo&#8221;.<\/p>\n\n\n\n<p>En cuanto a Cabello, tambi\u00e9n est\u00e1 disfrutando de la vida de soltera despu\u00e9s de terminar con <a href=\"https:\/\/www.eonline.com\/mx\/news\/1371619\/recordamos-las-veces-que-el-romance-de-camila-cabello-y-shawn-mendes-dividio-opiniones\" target=\"_blank\" rel=\"noreferrer noopener\">Austin Kevitch<\/a>. La nominada al Grammy y el CEO de Lox Club generaron rumores de romance por primera vez en junio despu\u00e9s de ser vistos juntos en Los \u00c1ngeles.<\/p>\n\n\n\n<p>El romance se produjo siete meses despu\u00e9s de que Cabello y Mendes anunciaran su ruptura en un mensaje conjunto a sus fans.<\/p>\n\n\n\n<blockquote class=\"wp-block-quote is-layout-flow wp-block-quote-is-layout-flow\"><p>&#8220;Hola chicos, hemos decidido terminar nuestra relaci\u00f3n rom\u00e1ntica&#8221;, escribieron en sus respectivas Historias de Instagram en noviembre de 2021, &#8220;pero nuestro amor mutuo como humanos es m\u00e1s fuerte que nunca&#8221;.<\/p><\/blockquote>\n\n\n\n<blockquote class=\"wp-block-quote is-layout-flow wp-block-quote-is-layout-flow\"><p>&#8220;Comenzamos nuestra relaci\u00f3n como mejores amigos y continuaremos siendo mejores amigos&#8221;, continu\u00f3 su declaraci\u00f3n. &#8220;Apreciamos mucho su apoyo desde el principio y en el futuro&#8221;.<\/p><\/blockquote>\n\n\n\n<p>Mientras los fan\u00e1ticos contin\u00faan especulando sobre el estado actual de la relaci\u00f3n del d\u00fao,<strong> echa un vistazo al fin de semana de Camila en Coachella 2023 viendo el video de arriba.<\/strong><\/p>\n\n\n\n<p>Fuente: <a href=\"https:\/\/www.eonline.com\/mx\/news\/1371709\/camila-cabello-sobre-su-viaje-a-coachella-con-shawn-mendes-es-lo-que-sea\" data-type=\"URL\" data-id=\"https:\/\/www.eonline.com\/mx\/news\/1371709\/camila-cabello-sobre-su-viaje-a-coachella-con-shawn-mendes-es-lo-que-sea\">E!<\/a><\/p>\n","protected":false},"excerpt":{"rendered":"<p>Camila Cabello comparti\u00f3 algunas fotos despu\u00e9s de un fin de semana lleno de acontecimientos en Coachella 2023, uno que incluy\u00f3 una reuni\u00f3n \u00edntima con su exnovio, Shawn Mendes. Tan \u00edntima, de hecho, que los colaboradores de &#8220;Se\u00f1orita&#8221;, que se separaron en noviembre de 2021, incluso fueron fotografiados bes\u00e1ndose en el festival de m\u00fasica de California [&hellip;]<\/p>\n","protected":false},"author":35,"featured_media":35944,"comment_status":"open","ping_status":"open","sticky":false,"template":"","format":"standard","meta":{"_monsterinsights_skip_tracking":false,"_monsterinsights_sitenote_active":false,"_monsterinsights_sitenote_note":"","_monsterinsights_sitenote_category":0,"footnotes":""},"categories":[576],"tags":[2630,13614,2629,888],"class_list":["post-103702","post","type-post","status-publish","format-standard","has-post-thumbnail","hentry","category-ocio","tag-camila-cabello","tag-coachella","tag-shawn-mendes","tag-viaje","wp-image-borders"],"amp_enabled":true,"_links":{"self":[{"href":"https:\/\/nvnoticias.mx\/index.php\/wp-json\/wp\/v2\/posts\/103702","targetHints":{"allow":["GET"]}}],"collection":[{"href":"https:\/\/nvnoticias.mx\/index.php\/wp-json\/wp\/v2\/posts"}],"about":[{"href":"https:\/\/nvnoticias.mx\/index.php\/wp-json\/wp\/v2\/types\/post"}],"author":[{"embeddable":true,"href":"https:\/\/nvnoticias.mx\/index.php\/wp-json\/wp\/v2\/users\/35"}],"replies":[{"embeddable":true,"href":"https:\/\/nvnoticias.mx\/index.php\/wp-json\/wp\/v2\/comments?post=103702"}],"version-history":[{"count":1,"href":"https:\/\/nvnoticias.mx\/index.php\/wp-json\/wp\/v2\/posts\/103702\/revisions"}],"predecessor-version":[{"id":103703,"href":"https:\/\/nvnoticias.mx\/index.php\/wp-json\/wp\/v2\/posts\/103702\/revisions\/103703"}],"wp:featuredmedia":[{"embeddable":true,"href":"https:\/\/nvnoticias.mx\/index.php\/wp-json\/wp\/v2\/media\/35944"}],"wp:attachment":[{"href":"https:\/\/nvnoticias.mx\/index.php\/wp-json\/wp\/v2\/media?parent=103702"}],"wp:term":[{"taxonomy":"category","embeddable":true,"href":"https:\/\/nvnoticias.mx\/index.php\/wp-json\/wp\/v2\/categories?post=103702"},{"taxonomy":"post_tag","embeddable":true,"href":"https:\/\/nvnoticias.mx\/index.php\/wp-json\/wp\/v2\/tags?post=103702"}],"curies":[{"name":"wp","href":"https:\/\/api.w.org\/{rel}","templated":true}]}}