{"id":103694,"date":"2023-04-18T15:53:44","date_gmt":"2023-04-18T20:53:44","guid":{"rendered":"https:\/\/nvnoticias.mx\/?p=103694"},"modified":"2023-04-18T15:53:45","modified_gmt":"2023-04-18T20:53:45","slug":"formaliza-gabriel-quadri-su-militancia-en-el-pan","status":"publish","type":"post","link":"https:\/\/nvnoticias.mx\/index.php\/2023\/04\/18\/formaliza-gabriel-quadri-su-militancia-en-el-pan\/","title":{"rendered":"Formaliza Gabriel Quadri su militancia en el PAN"},"content":{"rendered":"\n<p>El diputado Gabriel Quadri formaliz\u00f3 su militancia panista y sostuvo que Acci\u00f3n Nacional es la mejor opci\u00f3n para el pa\u00eds y el partido en el que se siente m\u00e1s cercano, mientras el dirigente nacional Marko Cort\u00e9s le dio la bienvenida.<\/p>\n\n\n\n<p>A trav\u00e9s de redes sociales, Cort\u00e9s le dio la bienvenida a Quadri de quien dijo, es un verdadero experto ambientalista.<\/p>\n\n\n\n<blockquote class=\"wp-block-quote is-layout-flow wp-block-quote-is-layout-flow\"><p>\u201cQu\u00e9 gusto que hoy, un experto, pero un verdadero experto en el cuidado de medio ambiente, mi amigo Gabriel Quadri, haya decidido afiliarse a Acci\u00f3n Nacional. <\/p><\/blockquote>\n\n\n\n<blockquote class=\"wp-block-quote is-layout-flow wp-block-quote-is-layout-flow\"><p>\u201cBienvenido, amigo, esta es tu casa, est\u00e1s haciendo un gran papel como diputado federal, represent\u00e1ndonos no s\u00f3lo a nosotros, sino a quienes votaron por ti en Coyoac\u00e1n y a millones de mexicanos que quieren que las cosas en M\u00e9xico cambien\u201d.<\/p><\/blockquote>\n\n\n\n<p>Quadri destac\u00f3 que Cort\u00e9s le dio \u201cla bienvenida como nuevo militante y afiliado\u201d y se dijo comprometido a trabajar desde el PAN para lograr un M\u00e9xico m\u00e1s pr\u00f3spero, competitivo y sustentable.<\/p>\n\n\n\n<blockquote class=\"wp-block-quote is-layout-flow wp-block-quote-is-layout-flow\"><p>\u201cQuiero agradecerte p\u00fablicamente la apertura, el apoyo, la invitaci\u00f3n que me hiciste para estar y participar en el PAN, para m\u00ed es un orgullo, me honra much\u00edsimo. \u201cCreo que es momento de que los ciudadanos nos acerquemos a los partidos pol\u00edticos, y en este caso, sinceramente, creo que acci\u00f3n Nacional es la mejor opci\u00f3n para M\u00e9xico, es un partido con el cual me siento muy, muy cercano y al final se cristaliza el ser panista y ahora puedo decir, nuestro partido Acci\u00f3n Nacional y mi presidente Marko Cort\u00e9s\u201d, dijo en un video.<\/p><\/blockquote>\n\n\n\n<p>Quadri fue candidato presidencial por el extinto partido Nueva Alianza, lleg\u00f3 a la diputaci\u00f3n federal de la mano del PAN sin ser militante y actualmente, se encuentra en el Registro Nacional de Personas Sancionadas en Materia de Violencia Pol\u00edtica contra las Mujeres en Raz\u00f3n de G\u00e9nero, donde permanecer\u00e1 hasta el 2025 tras acreditarse que violent\u00f3 reiteradamente a diputadas de la comunidad LGBT.<\/p>\n\n\n\n<p>Fuente: <a href=\"https:\/\/www.milenio.com\/politica\/gabriel-quadri-formaliza-integracion-militancia-pan\" data-type=\"URL\" data-id=\"https:\/\/www.milenio.com\/politica\/gabriel-quadri-formaliza-integracion-militancia-pan\">Milenio<\/a><\/p>\n","protected":false},"excerpt":{"rendered":"<p>El diputado Gabriel Quadri formaliz\u00f3 su militancia panista y sostuvo que Acci\u00f3n Nacional es la mejor opci\u00f3n para el pa\u00eds y el partido en el que se siente m\u00e1s cercano, mientras el dirigente nacional Marko Cort\u00e9s le dio la bienvenida. A trav\u00e9s de redes sociales, Cort\u00e9s le dio la bienvenida a Quadri de quien dijo, [&hellip;]<\/p>\n","protected":false},"author":35,"featured_media":31342,"comment_status":"open","ping_status":"open","sticky":false,"template":"","format":"standard","meta":{"_monsterinsights_skip_tracking":false,"_monsterinsights_sitenote_active":false,"_monsterinsights_sitenote_note":"","_monsterinsights_sitenote_category":0,"footnotes":""},"categories":[158],"tags":[12947,2696,7453,284],"class_list":["post-103694","post","type-post","status-publish","format-standard","has-post-thumbnail","hentry","category-politica","tag-formaliza","tag-gabriel-quadri","tag-militancia","tag-pan","wp-image-borders"],"amp_enabled":true,"_links":{"self":[{"href":"https:\/\/nvnoticias.mx\/index.php\/wp-json\/wp\/v2\/posts\/103694","targetHints":{"allow":["GET"]}}],"collection":[{"href":"https:\/\/nvnoticias.mx\/index.php\/wp-json\/wp\/v2\/posts"}],"about":[{"href":"https:\/\/nvnoticias.mx\/index.php\/wp-json\/wp\/v2\/types\/post"}],"author":[{"embeddable":true,"href":"https:\/\/nvnoticias.mx\/index.php\/wp-json\/wp\/v2\/users\/35"}],"replies":[{"embeddable":true,"href":"https:\/\/nvnoticias.mx\/index.php\/wp-json\/wp\/v2\/comments?post=103694"}],"version-history":[{"count":1,"href":"https:\/\/nvnoticias.mx\/index.php\/wp-json\/wp\/v2\/posts\/103694\/revisions"}],"predecessor-version":[{"id":103695,"href":"https:\/\/nvnoticias.mx\/index.php\/wp-json\/wp\/v2\/posts\/103694\/revisions\/103695"}],"wp:featuredmedia":[{"embeddable":true,"href":"https:\/\/nvnoticias.mx\/index.php\/wp-json\/wp\/v2\/media\/31342"}],"wp:attachment":[{"href":"https:\/\/nvnoticias.mx\/index.php\/wp-json\/wp\/v2\/media?parent=103694"}],"wp:term":[{"taxonomy":"category","embeddable":true,"href":"https:\/\/nvnoticias.mx\/index.php\/wp-json\/wp\/v2\/categories?post=103694"},{"taxonomy":"post_tag","embeddable":true,"href":"https:\/\/nvnoticias.mx\/index.php\/wp-json\/wp\/v2\/tags?post=103694"}],"curies":[{"name":"wp","href":"https:\/\/api.w.org\/{rel}","templated":true}]}}