{"id":103664,"date":"2023-04-18T14:00:23","date_gmt":"2023-04-18T19:00:23","guid":{"rendered":"https:\/\/nvnoticias.mx\/?p=103664"},"modified":"2023-04-18T14:00:24","modified_gmt":"2023-04-18T19:00:24","slug":"retos-virales-fueron-erradicados-de-escuelas-de-veracruz","status":"publish","type":"post","link":"https:\/\/nvnoticias.mx\/index.php\/2023\/04\/18\/retos-virales-fueron-erradicados-de-escuelas-de-veracruz\/","title":{"rendered":"Retos virales fueron erradicados de escuelas de Veracruz"},"content":{"rendered":"\n<p><strong>Jes\u00fas Utrilla \/ NV Noticias<\/strong><\/p>\n\n\n\n<p>En Veracruz se erradicaron los retos virales que involucran el uso de narc\u00f3ticos, afirm\u00f3 el secretario de Educaci\u00f3n en Veracruz, Zenyazen Escobar Garc\u00eda.<\/p>\n\n\n\n<p>Se pusieron en marcha de varias campa\u00f1as de concientizaci\u00f3n entre la comunidad estudiantil y se logr\u00f3 erradicar diferentes &#8220;retos virales&#8221;, en donde se ha involucrado el uso de alg\u00fan tipo de narc\u00f3tico.<\/p>\n\n\n\n<p>Reconoci\u00f3 que Veracruz el segundo estado con mayor n\u00famero de planteles educativos y una matr\u00edcula estudiantil de dos millones de alumnos, condicionante para que alg\u00fan alumno realice alguno de los retos que se lanzan a trav\u00e9s de las Redes Sociales antes que otras partes del pa\u00eds.<\/p>\n\n\n\n<p>Por otro lado, se\u00f1al\u00f3 que a lo largo del periodo vacacional de Semana Santa ocho planteles educativos resultaron con p\u00e9rdidas materiales a consecuencia de los amantes de lo ajeno.<\/p>\n\n\n\n<p>Seis de encuentran ubicadas en la ciudad de Veracruz y dos m\u00e1s en el municipio de Coatzacoalcos, en donde adem\u00e1s de los destrozos en el interior, se llevaron cableado el\u00e9ctrico y tuber\u00eda de cobre.<\/p>\n\n\n\n<p>Por otra parte, record\u00f3 Escobar Garc\u00eda que se sigue desarrollando los proyectos de mantenimiento y rehabilitaci\u00f3n de planteles escolares entre los que se encuentra el de las instalaciones del Ilustre Instituto Veracruzano (IIV) y la preparatoria Esteban Morales.<\/p>\n\n\n\n<p>Zenyazen Escobar Garc\u00eda, fue entrevistado en el marco de la realizaci\u00f3n de la Expo Feria Educativa 2023 edici\u00f3n Veracruz- Boca del R\u00edo.<\/p>\n","protected":false},"excerpt":{"rendered":"<p>Jes\u00fas Utrilla \/ NV Noticias En Veracruz se erradicaron los retos virales que involucran el uso de narc\u00f3ticos, afirm\u00f3 el secretario de Educaci\u00f3n en Veracruz, Zenyazen Escobar Garc\u00eda. Se pusieron en marcha de varias campa\u00f1as de concientizaci\u00f3n entre la comunidad estudiantil y se logr\u00f3 erradicar diferentes &#8220;retos virales&#8221;, en donde se ha involucrado el uso [&hellip;]<\/p>\n","protected":false},"author":8,"featured_media":85077,"comment_status":"open","ping_status":"open","sticky":false,"template":"","format":"standard","meta":{"_monsterinsights_skip_tracking":false,"_monsterinsights_sitenote_active":false,"_monsterinsights_sitenote_note":"","_monsterinsights_sitenote_category":0,"footnotes":""},"categories":[154],"tags":[659,24658,180,2991],"class_list":["post-103664","post","type-post","status-publish","format-standard","has-post-thumbnail","hentry","category-veracruz","tag-escuelas","tag-retos-virales","tag-veracruz","tag-zenyazen-escobar-garcia","wp-image-borders"],"amp_enabled":true,"_links":{"self":[{"href":"https:\/\/nvnoticias.mx\/index.php\/wp-json\/wp\/v2\/posts\/103664","targetHints":{"allow":["GET"]}}],"collection":[{"href":"https:\/\/nvnoticias.mx\/index.php\/wp-json\/wp\/v2\/posts"}],"about":[{"href":"https:\/\/nvnoticias.mx\/index.php\/wp-json\/wp\/v2\/types\/post"}],"author":[{"embeddable":true,"href":"https:\/\/nvnoticias.mx\/index.php\/wp-json\/wp\/v2\/users\/8"}],"replies":[{"embeddable":true,"href":"https:\/\/nvnoticias.mx\/index.php\/wp-json\/wp\/v2\/comments?post=103664"}],"version-history":[{"count":1,"href":"https:\/\/nvnoticias.mx\/index.php\/wp-json\/wp\/v2\/posts\/103664\/revisions"}],"predecessor-version":[{"id":103665,"href":"https:\/\/nvnoticias.mx\/index.php\/wp-json\/wp\/v2\/posts\/103664\/revisions\/103665"}],"wp:featuredmedia":[{"embeddable":true,"href":"https:\/\/nvnoticias.mx\/index.php\/wp-json\/wp\/v2\/media\/85077"}],"wp:attachment":[{"href":"https:\/\/nvnoticias.mx\/index.php\/wp-json\/wp\/v2\/media?parent=103664"}],"wp:term":[{"taxonomy":"category","embeddable":true,"href":"https:\/\/nvnoticias.mx\/index.php\/wp-json\/wp\/v2\/categories?post=103664"},{"taxonomy":"post_tag","embeddable":true,"href":"https:\/\/nvnoticias.mx\/index.php\/wp-json\/wp\/v2\/tags?post=103664"}],"curies":[{"name":"wp","href":"https:\/\/api.w.org\/{rel}","templated":true}]}}