{"id":103646,"date":"2023-04-18T13:22:33","date_gmt":"2023-04-18T18:22:33","guid":{"rendered":"https:\/\/nvnoticias.mx\/?p=103646"},"modified":"2023-04-18T13:22:35","modified_gmt":"2023-04-18T18:22:35","slug":"canacar-impulsa-carrera-en-operador-de-tracto-camion-por-falta-de-conductores","status":"publish","type":"post","link":"https:\/\/nvnoticias.mx\/index.php\/2023\/04\/18\/canacar-impulsa-carrera-en-operador-de-tracto-camion-por-falta-de-conductores\/","title":{"rendered":"Canacar impulsa carrera en Operador de Tracto Cami\u00f3n, por falta de conductores"},"content":{"rendered":"\n<p><strong>Jes\u00fas Utrilla \/ NV Noticias <\/strong><\/p>\n\n\n\n<p>El d\u00e9ficit  de operadores del transporte de carga es de 54 mil trabajadores, por ello Canacar la carrera de T\u00e9cnico Superior Universitario en Operador de Tracto Cami\u00f3n, inform\u00f3 Luis Exsome Zapata, delegado la C\u00e1mara Nacional Nacional del Autotransporte de Carga.<\/p>\n\n\n\n<p>Dijo que en Veracruz se requiere personal debido a que se cuenta con 3 puertos de altura, donde constantemente se mueve mercanc\u00eda diversa de importaci\u00f3n y exportaci\u00f3n, adem\u00e1s el trabajo es bien pagado.<\/p>\n\n\n\n<blockquote class=\"wp-block-quote is-layout-flow wp-block-quote-is-layout-flow\"><p>\u201c<em>Estamos trabajando con las universidades para desarrollar t\u00e9cnicos universitarios, que es no es una carrera, es una carrrera t\u00e9cnica. Con la Universidad Veracruzana y la Universidad Crist\u00f3bal Col\u00f3n, es para formar operadores y preparar a la persona\u201d.<\/em><\/p><\/blockquote>\n\n\n\n<p>Se\u00f1al\u00f3 que a nivel mundial el d\u00e9ficit de conductores es de m\u00e1s de 3 millones de conductores.<\/p>\n\n\n\n<p>Confi\u00f3 en que el pr\u00f3ximo a\u00f1o se pueda poner en marcha el plan de estudios, ya que las universidades necesita el Registro de Validez Oficial de la Secretar\u00eda de Educaci\u00f3n P\u00fablica.<\/p>\n\n\n\n<p>La escasez de conductores se debe a que anteriormente era generacional, sin embargo, por temas aspiracionales se rompi\u00f3 esta situaci\u00f3n y los j\u00f3venes ya no manejan camiones de carga.<\/p>\n","protected":false},"excerpt":{"rendered":"<p>Jes\u00fas Utrilla \/ NV Noticias El d\u00e9ficit de operadores del transporte de carga es de 54 mil trabajadores, por ello Canacar la carrera de T\u00e9cnico Superior Universitario en Operador de Tracto Cami\u00f3n, inform\u00f3 Luis Exsome Zapata, delegado la C\u00e1mara Nacional Nacional del Autotransporte de Carga. Dijo que en Veracruz se requiere personal debido a que [&hellip;]<\/p>\n","protected":false},"author":8,"featured_media":103649,"comment_status":"open","ping_status":"open","sticky":false,"template":"","format":"standard","meta":{"_monsterinsights_skip_tracking":false,"_monsterinsights_sitenote_active":false,"_monsterinsights_sitenote_note":"","_monsterinsights_sitenote_category":0,"footnotes":""},"categories":[154],"tags":[841,24656,8657],"class_list":["post-103646","post","type-post","status-publish","format-standard","has-post-thumbnail","hentry","category-veracruz","tag-canacar","tag-carrera-tecnica","tag-tractocamion","wp-image-borders"],"amp_enabled":true,"_links":{"self":[{"href":"https:\/\/nvnoticias.mx\/index.php\/wp-json\/wp\/v2\/posts\/103646","targetHints":{"allow":["GET"]}}],"collection":[{"href":"https:\/\/nvnoticias.mx\/index.php\/wp-json\/wp\/v2\/posts"}],"about":[{"href":"https:\/\/nvnoticias.mx\/index.php\/wp-json\/wp\/v2\/types\/post"}],"author":[{"embeddable":true,"href":"https:\/\/nvnoticias.mx\/index.php\/wp-json\/wp\/v2\/users\/8"}],"replies":[{"embeddable":true,"href":"https:\/\/nvnoticias.mx\/index.php\/wp-json\/wp\/v2\/comments?post=103646"}],"version-history":[{"count":1,"href":"https:\/\/nvnoticias.mx\/index.php\/wp-json\/wp\/v2\/posts\/103646\/revisions"}],"predecessor-version":[{"id":103652,"href":"https:\/\/nvnoticias.mx\/index.php\/wp-json\/wp\/v2\/posts\/103646\/revisions\/103652"}],"wp:featuredmedia":[{"embeddable":true,"href":"https:\/\/nvnoticias.mx\/index.php\/wp-json\/wp\/v2\/media\/103649"}],"wp:attachment":[{"href":"https:\/\/nvnoticias.mx\/index.php\/wp-json\/wp\/v2\/media?parent=103646"}],"wp:term":[{"taxonomy":"category","embeddable":true,"href":"https:\/\/nvnoticias.mx\/index.php\/wp-json\/wp\/v2\/categories?post=103646"},{"taxonomy":"post_tag","embeddable":true,"href":"https:\/\/nvnoticias.mx\/index.php\/wp-json\/wp\/v2\/tags?post=103646"}],"curies":[{"name":"wp","href":"https:\/\/api.w.org\/{rel}","templated":true}]}}